{"id":25917,"date":"2013-04-11T07:50:38","date_gmt":"2013-04-11T05:50:38","guid":{"rendered":"http:\/\/www.reservdelar.nu\/bilstyling\/ventilhatt-dodskalle-krom\/"},"modified":"2014-04-22T17:37:30","modified_gmt":"2014-04-22T15:37:30","slug":"ventilhatt-dodskalle-krom","status":"publish","type":"post","link":"https:\/\/www.reservdelar.nu\/bilstyling\/ventilhatt-dodskalle-krom\/","title":{"rendered":"Ventilhatt D\u00f6dskalle Krom"},"content":{"rendered":"<table style=\"width: 700px; height: 100px;\" border=\"1\">\n<tbody>\n<tr>\n<td><a href=\"http:\/\/www.blueride.se\/ventilhatt-dodskalle-krom-p-76.html\" target=\"_blank\" rel=\"nofollow\"><img loading=\"lazy\" decoding=\"async\" class=\"aligncenter\" title=\"Ventilhatt D\u00f6dskalle Krom \" src=\"http:\/\/www.blueride.se\/images\/bl_28518_skull2.jpg\" alt=\"K\u00f6p Ventilhatt D\u00f6dskalle Krom Billigt Online\" width=\"100\" height=\"100\" \/><\/a><\/td>\n<td style=\"text-align: center;\">\n<h1><a href=\"http:\/\/www.blueride.se\/ventilhatt-dodskalle-krom-p-76.html\" target=\"_blank\" rel=\"nofollow\"><img loading=\"lazy\" decoding=\"async\" title=\"K\u00f6p Ventilhatt D\u00f6dskalle Krom hos Blueride.se\" src=\"https:\/\/www.reservdelar.nu\/bilstyling\/wp-content\/uploads\/2012\/08\/blueride.png\" alt=\"Blueride.se\" width=\"100\" height=\"42\" \/><\/a><\/h1>\n<\/td>\n<td style=\"text-align: center;\">\n<h2><strong>20 <\/strong>kr\/st<\/h2>\n<\/td>\n<td style=\"text-align: center;\"><a href=\"http:\/\/www.blueride.se\/ventilhatt-dodskalle-krom-p-76.html\" target=\"_blank\" rel=\"nofollow\"><img loading=\"lazy\" decoding=\"async\" title=\"K\u00f6p Ventilhatt D\u00f6dskalle Krom nu hos Blueride.se\" src=\"https:\/\/www.reservdelar.nu\/bilstyling\/wp-content\/uploads\/2014\/03\/kop-nu.png\" alt=\"Blueride.se\" width=\"100\" height=\"42\" \/><\/a><\/td>\n<\/tr>\n<\/tbody>\n<\/table>\n<p>4 st kromade ventilhattar som \u00e4r formade som en d\u00f6dskalle. Enkelt att skruva fast p\u00e5 d\u00e4ckets ventil och passar p\u00e5 bil, MC och moped.     Tillverkad i plast f\u00f6r att f\u00f6rhindra obalans i d\u00e4cken, men \u00e4r \u00e4nd\u00e5 t\u00e5liga och klarar h\u00e5rda p\u00e5frestningar utan att kromet f\u00f6rsvinner. <span style=\"color: #0000ff;\"><strong><a title=\"L\u00c4S MER\" href=\"http:\/\/www.blueride.se\/ventilhatt-dodskalle-krom-p-76.html\" target=\"_blank\" rel=\"nofollow\"><span style=\"color: #0000ff;\">L\u00c4S MER<\/span><\/a><\/strong><\/span><\/p>\n<p><span style=\"color: #0000ff;\"><strong>Ventilhatt D\u00f6dskalle Krom<img loading=\"lazy\" decoding=\"async\" class=\"alignright\" title=\"Ventilhatt D\u00f6dskalle Krom \" src=\"http:\/\/www.blueride.se\/images\/bl_28518_skull2.jpg\" alt=\"K\u00f6p Ventilhatt D\u00f6dskalle Krom Billigt Online\" width=\"250\" height=\"250\" \/><\/strong><\/span><\/p>\n<table style=\"width: 274px;\" border=\"1\">\n<tbody>\n<tr>\n<td><strong><strong>Artikel id\/nr:<\/strong><\/strong><\/td>\n<td style=\"text-align: left;\">bl-28518<\/td>\n<\/tr>\n<tr>\n<td><strong>Kategori:<\/strong><\/td>\n<td style=\"text-align: left;\">Styling till MC &#038; moped<\/td>\n<\/tr>\n<tr>\n<td><\/td>\n<td style=\"text-align: left;\">Tuning till MC &#038; moped<\/td>\n<\/tr>\n<tr>\n<td><\/td>\n<td style=\"text-align: left;\">Tillbeh\u00f6r till MC &#038; moped<\/td>\n<\/tr>\n<tr>\n<td><strong><strong>Typ:<\/strong><\/strong><\/td>\n<td style=\"text-align: left;\">Ventilhattar &#038; Firewheels<\/td>\n<\/tr>\n<tr>\n<td><\/td>\n<td style=\"text-align: left;\"><\/td>\n<\/tr>\n<tr>\n<td><\/td>\n<td style=\"text-align: left;\"><\/td>\n<\/tr>\n<tr>\n<td><strong>I lager<\/strong><strong>:<\/strong><\/td>\n<td style=\"text-align: left;\">yes<\/td>\n<\/tr>\n<tr>\n<td><strong>Fraktkostnad:<\/strong><\/td>\n<td style=\"text-align: left;\">49 kr<\/td>\n<\/tr>\n<tr>\n<td><strong>Leveranstid:<\/strong><\/td>\n<td style=\"text-align: left;\">49 dagar<\/td>\n<\/tr>\n<tr>\n<td><\/td>\n<td style=\"text-align: left;\"><\/td>\n<\/tr>\n<tr>\n<td><strong><strong>Pris:<\/strong><\/strong><\/td>\n<td style=\"text-align: left;\"><span style=\"color: #0000ff;\"><strong>20 kr\/st<\/strong><\/span><\/td>\n<\/tr>\n<tr>\n<td><\/td>\n<td style=\"text-align: left;\"><\/td>\n<\/tr>\n<tr>\n<td><a href=\"http:\/\/www.blueride.se\/ventilhatt-dodskalle-krom-p-76.html\" target=\"_blank\" rel=\"nofollow\"><img loading=\"lazy\" decoding=\"async\" title=\"K\u00f6p Ventilhatt D\u00f6dskalle Krom hos Blueride.se\" src=\"https:\/\/www.reservdelar.nu\/bilstyling\/wp-content\/uploads\/2012\/08\/blueride.png\" alt=\"Blueride.se\" width=\"100\" height=\"42\" \/><\/a><\/td>\n<td style=\"text-align: center;\">\n<h1><a href=\"http:\/\/www.blueride.se\/ventilhatt-dodskalle-krom-p-76.html\" target=\"_blank\" rel=\"nofollow\"><img loading=\"lazy\" decoding=\"async\" title=\"K\u00f6p Ventilhatt D\u00f6dskalle Krom nu hos Blueride.se\" src=\"https:\/\/www.reservdelar.nu\/bilstyling\/wp-content\/uploads\/2014\/03\/kop-nu.png\" alt=\"Blueride.se\" width=\"100\" height=\"42\" \/><\/a><\/h1>\n<\/td>\n<\/tr>\n<\/tbody>\n<\/table>\n","protected":false},"excerpt":{"rendered":"<p>20 kr\/st 4 st kromade ventilhattar som \u00e4r formade som en d\u00f6dskalle. Enkelt att skruva fast p\u00e5 d\u00e4ckets ventil och passar p\u00e5 bil, MC och moped. Tillverkad i plast f\u00f6r att f\u00f6rhindra obalans i d\u00e4cken, men \u00e4r \u00e4nd\u00e5 t\u00e5liga och klarar h\u00e5rda p\u00e5frestningar utan att kromet f\u00f6rsvinner. L\u00c4S MER Ventilhatt D\u00f6dskalle Krom Artikel id\/nr: bl-28518 [&hellip;]<\/p>\n","protected":false},"author":1,"featured_media":46422,"comment_status":"open","ping_status":"open","sticky":false,"template":"","format":"standard","meta":{"footnotes":""},"categories":[5329,5331,5330,5367],"tags":[2083,5579,5581,5580,5166,56],"class_list":["post-25917","post","type-post","status-publish","format-standard","has-post-thumbnail","hentry","category-styling-till-mc-moped","category-tillbehor-till-mc-moped","category-tuning-till-mc-moped","category-ventilhattar-firewheels-styling-till-mc-moped","tag-bl-28518","tag-styling-till-mc-moped","tag-tillbehor-till-mc-moped","tag-tuning-till-mc-moped","tag-ventilhatt-dodskalle-krom","tag-ventilhattar-firewheels"],"_links":{"self":[{"href":"https:\/\/www.reservdelar.nu\/bilstyling\/wp-json\/wp\/v2\/posts\/25917","targetHints":{"allow":["GET"]}}],"collection":[{"href":"https:\/\/www.reservdelar.nu\/bilstyling\/wp-json\/wp\/v2\/posts"}],"about":[{"href":"https:\/\/www.reservdelar.nu\/bilstyling\/wp-json\/wp\/v2\/types\/post"}],"author":[{"embeddable":true,"href":"https:\/\/www.reservdelar.nu\/bilstyling\/wp-json\/wp\/v2\/users\/1"}],"replies":[{"embeddable":true,"href":"https:\/\/www.reservdelar.nu\/bilstyling\/wp-json\/wp\/v2\/comments?post=25917"}],"version-history":[{"count":0,"href":"https:\/\/www.reservdelar.nu\/bilstyling\/wp-json\/wp\/v2\/posts\/25917\/revisions"}],"wp:featuredmedia":[{"embeddable":true,"href":"https:\/\/www.reservdelar.nu\/bilstyling\/wp-json\/wp\/v2\/media\/46422"}],"wp:attachment":[{"href":"https:\/\/www.reservdelar.nu\/bilstyling\/wp-json\/wp\/v2\/media?parent=25917"}],"wp:term":[{"taxonomy":"category","embeddable":true,"href":"https:\/\/www.reservdelar.nu\/bilstyling\/wp-json\/wp\/v2\/categories?post=25917"},{"taxonomy":"post_tag","embeddable":true,"href":"https:\/\/www.reservdelar.nu\/bilstyling\/wp-json\/wp\/v2\/tags?post=25917"}],"curies":[{"name":"wp","href":"https:\/\/api.w.org\/{rel}","templated":true}]}}