{"id":25743,"date":"2012-09-04T19:36:50","date_gmt":"2012-09-04T17:36:50","guid":{"rendered":"http:\/\/www.reservdelar.nu\/bilstyling\/mini-scarf-convoy-driver\/"},"modified":"2014-04-22T17:19:58","modified_gmt":"2014-04-22T15:19:58","slug":"mini-scarf-convoy-driver","status":"publish","type":"post","link":"https:\/\/www.reservdelar.nu\/bilstyling\/mini-scarf-convoy-driver\/","title":{"rendered":"Mini Scarf &#8211; Convoy Driver"},"content":{"rendered":"<table style=\"width: 700px; height: 100px;\" border=\"1\">\n<tbody>\n<tr>\n<td><a href=\"http:\/\/www.blueride.se\/mini-scarf-convoy-driver-p-3283.html\" target=\"_blank\" rel=\"nofollow\"><img loading=\"lazy\" decoding=\"async\" class=\"aligncenter\" title=\"Mini Scarf - Convoy Driver \" src=\"http:\/\/www.blueride.se\/images\/bl_132457_convoy_buddy.jpg\" alt=\"K\u00f6p Mini Scarf - Convoy Driver Billigt Online\" width=\"100\" height=\"100\" \/><\/a><\/td>\n<td style=\"text-align: center;\">\n<h1><a href=\"http:\/\/www.blueride.se\/mini-scarf-convoy-driver-p-3283.html\" target=\"_blank\" rel=\"nofollow\"><img loading=\"lazy\" decoding=\"async\" title=\"K\u00f6p Mini Scarf - Convoy Driver hos Blueride.se\" src=\"https:\/\/www.reservdelar.nu\/bilstyling\/wp-content\/uploads\/2012\/08\/blueride.png\" alt=\"Blueride.se\" width=\"100\" height=\"42\" \/><\/a><\/h1>\n<\/td>\n<td style=\"text-align: center;\">\n<h2><strong>39 <\/strong>kr\/st<\/h2>\n<\/td>\n<td style=\"text-align: center;\"><a href=\"http:\/\/www.blueride.se\/mini-scarf-convoy-driver-p-3283.html\" target=\"_blank\" rel=\"nofollow\"><img loading=\"lazy\" decoding=\"async\" title=\"K\u00f6p Mini Scarf - Convoy Driver nu hos Blueride.se\" src=\"https:\/\/www.reservdelar.nu\/bilstyling\/wp-content\/uploads\/2014\/03\/kop-nu.png\" alt=\"Blueride.se\" width=\"100\" height=\"42\" \/><\/a><\/td>\n<\/tr>\n<\/tbody>\n<\/table>\n<p>Broderad mini-scarf med texten &quot;CONVOY BUDDY&quot; p\u00e5 b\u00e5da sidorna.    Texten \u00e4r broderad och i f\u00e4rgerna r\u00f6tt, bl\u00e5tt och vitt.    Skarfen sitter p\u00e5 en plasth\u00e4ngare, s\u00e5 den kan h\u00e4ngas fritt. Det medf\u00f6ljer \u00e4ven en sugporpp s\u00e5 den kan f\u00e4stas i rutan.     F\u00e4rg: R\u00f6d, bl\u00e5 och vit.    Storlek: 57 x 255 mm. <span style=\"color: #0000ff;\"><strong><a title=\"L\u00c4S MER\" href=\"http:\/\/www.blueride.se\/mini-scarf-convoy-driver-p-3283.html\" target=\"_blank\" rel=\"nofollow\"><span style=\"color: #0000ff;\">L\u00c4S MER<\/span><\/a><\/strong><\/span><\/p>\n<p><span style=\"color: #0000ff;\"><strong>Mini Scarf &#8211; Convoy Driver<img loading=\"lazy\" decoding=\"async\" class=\"alignright\" title=\"Mini Scarf - Convoy Driver \" src=\"http:\/\/www.blueride.se\/images\/bl_132457_convoy_buddy.jpg\" alt=\"K\u00f6p Mini Scarf - Convoy Driver Billigt Online\" width=\"250\" height=\"250\" \/><\/strong><\/span><\/p>\n<table style=\"width: 274px;\" border=\"1\">\n<tbody>\n<tr>\n<td><strong><strong>Artikel id\/nr:<\/strong><\/strong><\/td>\n<td style=\"text-align: left;\">bl-132457<\/td>\n<\/tr>\n<tr>\n<td><strong>Kategori:<\/strong><\/td>\n<td style=\"text-align: left;\">Styling till lastbilen<\/td>\n<\/tr>\n<tr>\n<td><\/td>\n<td style=\"text-align: left;\">Tuning till lastbilen<\/td>\n<\/tr>\n<tr>\n<td><\/td>\n<td style=\"text-align: left;\">Tillbeh\u00f6r till lastbilen<\/td>\n<\/tr>\n<tr>\n<td><strong><strong>Typ:<\/strong><\/strong><\/td>\n<td style=\"text-align: left;\">Interi\u00f6r<\/td>\n<\/tr>\n<tr>\n<td><\/td>\n<td style=\"text-align: left;\"><\/td>\n<\/tr>\n<tr>\n<td><\/td>\n<td style=\"text-align: left;\"><\/td>\n<\/tr>\n<tr>\n<td><strong>I lager<\/strong><strong>:<\/strong><\/td>\n<td style=\"text-align: left;\">yes<\/td>\n<\/tr>\n<tr>\n<td><strong>Fraktkostnad:<\/strong><\/td>\n<td style=\"text-align: left;\">49 kr<\/td>\n<\/tr>\n<tr>\n<td><strong>Leveranstid:<\/strong><\/td>\n<td style=\"text-align: left;\">49 dagar<\/td>\n<\/tr>\n<tr>\n<td><\/td>\n<td style=\"text-align: left;\"><\/td>\n<\/tr>\n<tr>\n<td><strong><strong>Pris:<\/strong><\/strong><\/td>\n<td style=\"text-align: left;\"><span style=\"color: #0000ff;\"><strong>39 kr\/st<\/strong><\/span><\/td>\n<\/tr>\n<tr>\n<td><\/td>\n<td style=\"text-align: left;\"><\/td>\n<\/tr>\n<tr>\n<td><a href=\"http:\/\/www.blueride.se\/mini-scarf-convoy-driver-p-3283.html\" target=\"_blank\" rel=\"nofollow\"><img loading=\"lazy\" decoding=\"async\" title=\"K\u00f6p Mini Scarf - Convoy Driver hos Blueride.se\" src=\"https:\/\/www.reservdelar.nu\/bilstyling\/wp-content\/uploads\/2012\/08\/blueride.png\" alt=\"Blueride.se\" width=\"100\" height=\"42\" \/><\/a><\/td>\n<td style=\"text-align: center;\">\n<h1><a href=\"http:\/\/www.blueride.se\/mini-scarf-convoy-driver-p-3283.html\" target=\"_blank\" rel=\"nofollow\"><img loading=\"lazy\" decoding=\"async\" title=\"K\u00f6p Mini Scarf - Convoy Driver nu hos Blueride.se\" src=\"https:\/\/www.reservdelar.nu\/bilstyling\/wp-content\/uploads\/2014\/03\/kop-nu.png\" alt=\"Blueride.se\" width=\"100\" height=\"42\" \/><\/a><\/h1>\n<\/td>\n<\/tr>\n<\/tbody>\n<\/table>\n","protected":false},"excerpt":{"rendered":"<p>39 kr\/st Broderad mini-scarf med texten &quot;CONVOY BUDDY&quot; p\u00e5 b\u00e5da sidorna. Texten \u00e4r broderad och i f\u00e4rgerna r\u00f6tt, bl\u00e5tt och vitt. Skarfen sitter p\u00e5 en plasth\u00e4ngare, s\u00e5 den kan h\u00e4ngas fritt. Det medf\u00f6ljer \u00e4ven en sugporpp s\u00e5 den kan f\u00e4stas i rutan. F\u00e4rg: R\u00f6d, bl\u00e5 och vit. Storlek: 57 x 255 mm. L\u00c4S MER Mini [&hellip;]<\/p>\n","protected":false},"author":1,"featured_media":44722,"comment_status":"open","ping_status":"open","sticky":false,"template":"","format":"standard","meta":{"footnotes":""},"categories":[5340,5337,5339,5338],"tags":[5109,5451,5110,5582,5584,5583],"class_list":["post-25743","post","type-post","status-publish","format-standard","has-post-thumbnail","hentry","category-interior-styling-till-lastbilen","category-styling-till-lastbilen","category-tillbehor-till-lastbilen","category-tuning-till-lastbilen","tag-bl-132457","tag-interior","tag-mini-scarf-convoy-driver","tag-styling-till-lastbilen","tag-tillbehor-till-lastbilen","tag-tuning-till-lastbilen"],"_links":{"self":[{"href":"https:\/\/www.reservdelar.nu\/bilstyling\/wp-json\/wp\/v2\/posts\/25743","targetHints":{"allow":["GET"]}}],"collection":[{"href":"https:\/\/www.reservdelar.nu\/bilstyling\/wp-json\/wp\/v2\/posts"}],"about":[{"href":"https:\/\/www.reservdelar.nu\/bilstyling\/wp-json\/wp\/v2\/types\/post"}],"author":[{"embeddable":true,"href":"https:\/\/www.reservdelar.nu\/bilstyling\/wp-json\/wp\/v2\/users\/1"}],"replies":[{"embeddable":true,"href":"https:\/\/www.reservdelar.nu\/bilstyling\/wp-json\/wp\/v2\/comments?post=25743"}],"version-history":[{"count":0,"href":"https:\/\/www.reservdelar.nu\/bilstyling\/wp-json\/wp\/v2\/posts\/25743\/revisions"}],"wp:featuredmedia":[{"embeddable":true,"href":"https:\/\/www.reservdelar.nu\/bilstyling\/wp-json\/wp\/v2\/media\/44722"}],"wp:attachment":[{"href":"https:\/\/www.reservdelar.nu\/bilstyling\/wp-json\/wp\/v2\/media?parent=25743"}],"wp:term":[{"taxonomy":"category","embeddable":true,"href":"https:\/\/www.reservdelar.nu\/bilstyling\/wp-json\/wp\/v2\/categories?post=25743"},{"taxonomy":"post_tag","embeddable":true,"href":"https:\/\/www.reservdelar.nu\/bilstyling\/wp-json\/wp\/v2\/tags?post=25743"}],"curies":[{"name":"wp","href":"https:\/\/api.w.org\/{rel}","templated":true}]}}