{"id":24050,"date":"2013-05-15T05:33:04","date_gmt":"2013-05-15T03:33:04","guid":{"rendered":"http:\/\/www.reservdelar.nu\/bilstyling\/glodlampa-21w-krom-ba15s\/"},"modified":"2014-04-22T17:51:41","modified_gmt":"2014-04-22T15:51:41","slug":"glodlampa-21w-krom-ba15s","status":"publish","type":"post","link":"https:\/\/www.reservdelar.nu\/bilstyling\/glodlampa-21w-krom-ba15s\/","title":{"rendered":"Gl\u00f6dlampa 21w Krom &#8211; BA15S"},"content":{"rendered":"<table style=\"width: 700px; height: 100px;\" border=\"1\">\n<tbody>\n<tr>\n<td><a href=\"http:\/\/www.blueride.se\/glodlampa-21w-krom-ba15s-p-2270.html\" target=\"_blank\" rel=\"nofollow\"><img loading=\"lazy\" decoding=\"async\" class=\"aligncenter\" title=\"Gl\u00f6dlampa 21w Krom - BA15S \" src=\"http:\/\/www.blueride.se\/images\/av_eu_25sca_glodlampor.jpg\" alt=\"K\u00f6p Gl\u00f6dlampa 21w Krom - BA15S Billigt Online\" width=\"100\" height=\"100\" \/><\/a><\/td>\n<td style=\"text-align: center;\">\n<h1><a href=\"http:\/\/www.blueride.se\/glodlampa-21w-krom-ba15s-p-2270.html\" target=\"_blank\" rel=\"nofollow\"><img loading=\"lazy\" decoding=\"async\" title=\"K\u00f6p Gl\u00f6dlampa 21w Krom - BA15S hos Blueride.se\" src=\"https:\/\/www.reservdelar.nu\/bilstyling\/wp-content\/uploads\/2012\/08\/blueride.png\" alt=\"Blueride.se\" width=\"100\" height=\"42\" \/><\/a><\/h1>\n<\/td>\n<td style=\"text-align: center;\">\n<h2><strong>89 <\/strong>kr\/st<\/h2>\n<\/td>\n<td style=\"text-align: center;\"><a href=\"http:\/\/www.blueride.se\/glodlampa-21w-krom-ba15s-p-2270.html\" target=\"_blank\" rel=\"nofollow\"><img loading=\"lazy\" decoding=\"async\" title=\"K\u00f6p Gl\u00f6dlampa 21w Krom - BA15S nu hos Blueride.se\" src=\"https:\/\/www.reservdelar.nu\/bilstyling\/wp-content\/uploads\/2014\/03\/kop-nu.png\" alt=\"Blueride.se\" width=\"100\" height=\"42\" \/><\/a><\/td>\n<\/tr>\n<\/tbody>\n<\/table>\n<p>Kromad gl\u00f6dlampa som blir n\u00e4st intill osynlig i lamphuset. N\u00e4r lampan \u00e4r avst\u00e4ngd s\u00e5 \u00e4r den helt kromad och man kan inte se igenom den.    Gl\u00f6dlampan lyser med vitt\/gult ljus.    BA15s sockel som oftast passar i bla. backlampa och blinkerslampa.    S\u00e4ljs parvis.    21W    12 volt. <span style=\"color: #0000ff;\"><strong><a title=\"L\u00c4S MER\" href=\"http:\/\/www.blueride.se\/glodlampa-21w-krom-ba15s-p-2270.html\" target=\"_blank\" rel=\"nofollow\"><span style=\"color: #0000ff;\">L\u00c4S MER<\/span><\/a><\/strong><\/span><\/p>\n<p><span style=\"color: #0000ff;\"><strong>Gl\u00f6dlampa 21w Krom &#8211; BA15S<img loading=\"lazy\" decoding=\"async\" class=\"alignright\" title=\"Gl\u00f6dlampa 21w Krom - BA15S \" src=\"http:\/\/www.blueride.se\/images\/av_eu_25sca_glodlampor.jpg\" alt=\"K\u00f6p Gl\u00f6dlampa 21w Krom - BA15S Billigt Online\" width=\"250\" height=\"250\" \/><\/strong><\/span><\/p>\n<table style=\"width: 274px;\" border=\"1\">\n<tbody>\n<tr>\n<td><strong><strong>Artikel id\/nr:<\/strong><\/strong><\/td>\n<td style=\"text-align: left;\">as-eu-25SCA<\/td>\n<\/tr>\n<tr>\n<td><strong>Kategori:<\/strong><\/td>\n<td style=\"text-align: left;\">Styling till bilen<\/td>\n<\/tr>\n<tr>\n<td><\/td>\n<td style=\"text-align: left;\">Tuning till bilen<\/td>\n<\/tr>\n<tr>\n<td><\/td>\n<td style=\"text-align: left;\">Tillbeh\u00f6r till bilen<\/td>\n<\/tr>\n<tr>\n<td><strong><strong>Typ:<\/strong><\/strong><\/td>\n<td style=\"text-align: left;\">Gl\u00f6dlampor &#038; Tillbeh\u00f6r<\/td>\n<\/tr>\n<tr>\n<td><\/td>\n<td style=\"text-align: left;\"><\/td>\n<\/tr>\n<tr>\n<td><\/td>\n<td style=\"text-align: left;\"><\/td>\n<\/tr>\n<tr>\n<td><strong>I lager<\/strong><strong>:<\/strong><\/td>\n<td style=\"text-align: left;\">yes<\/td>\n<\/tr>\n<tr>\n<td><strong>Fraktkostnad:<\/strong><\/td>\n<td style=\"text-align: left;\">49 kr<\/td>\n<\/tr>\n<tr>\n<td><strong>Leveranstid:<\/strong><\/td>\n<td style=\"text-align: left;\">49 dagar<\/td>\n<\/tr>\n<tr>\n<td><\/td>\n<td style=\"text-align: left;\"><\/td>\n<\/tr>\n<tr>\n<td><strong><strong>Pris:<\/strong><\/strong><\/td>\n<td style=\"text-align: left;\"><span style=\"color: #0000ff;\"><strong>89 kr\/st<\/strong><\/span><\/td>\n<\/tr>\n<tr>\n<td><\/td>\n<td style=\"text-align: left;\"><\/td>\n<\/tr>\n<tr>\n<td><a href=\"http:\/\/www.blueride.se\/glodlampa-21w-krom-ba15s-p-2270.html\" target=\"_blank\" rel=\"nofollow\"><img loading=\"lazy\" decoding=\"async\" title=\"K\u00f6p Gl\u00f6dlampa 21w Krom - BA15S hos Blueride.se\" src=\"https:\/\/www.reservdelar.nu\/bilstyling\/wp-content\/uploads\/2012\/08\/blueride.png\" alt=\"Blueride.se\" width=\"100\" height=\"42\" \/><\/a><\/td>\n<td style=\"text-align: center;\">\n<h1><a href=\"http:\/\/www.blueride.se\/glodlampa-21w-krom-ba15s-p-2270.html\" target=\"_blank\" rel=\"nofollow\"><img loading=\"lazy\" decoding=\"async\" title=\"K\u00f6p Gl\u00f6dlampa 21w Krom - BA15S nu hos Blueride.se\" src=\"https:\/\/www.reservdelar.nu\/bilstyling\/wp-content\/uploads\/2014\/03\/kop-nu.png\" alt=\"Blueride.se\" width=\"100\" height=\"42\" \/><\/a><\/h1>\n<\/td>\n<\/tr>\n<\/tbody>\n<\/table>\n","protected":false},"excerpt":{"rendered":"<p>89 kr\/st Kromad gl\u00f6dlampa som blir n\u00e4st intill osynlig i lamphuset. N\u00e4r lampan \u00e4r avst\u00e4ngd s\u00e5 \u00e4r den helt kromad och man kan inte se igenom den. Gl\u00f6dlampan lyser med vitt\/gult ljus. BA15s sockel som oftast passar i bla. backlampa och blinkerslampa. S\u00e4ljs parvis. 21W 12 volt. L\u00c4S MER Gl\u00f6dlampa 21w Krom &#8211; BA15S Artikel [&hellip;]<\/p>\n","protected":false},"author":1,"featured_media":47802,"comment_status":"open","ping_status":"open","sticky":false,"template":"","format":"standard","meta":{"footnotes":""},"categories":[5350,5323,5325,5324],"tags":[4209,1002,30,5576,5578,5577],"class_list":["post-24050","post","type-post","status-publish","format-standard","has-post-thumbnail","hentry","category-glodlampor-tillbehor-styling-till-bilen","category-styling-till-bilen","category-tillbehor-till-bilen","category-tuning-till-bilen","tag-as-eu-25sca","tag-glodlampa-21w-krom-ba15s","tag-glodlampor-tillbehor","tag-styling-till-bilen","tag-tillbehor-till-bilen","tag-tuning-till-bilen"],"_links":{"self":[{"href":"https:\/\/www.reservdelar.nu\/bilstyling\/wp-json\/wp\/v2\/posts\/24050","targetHints":{"allow":["GET"]}}],"collection":[{"href":"https:\/\/www.reservdelar.nu\/bilstyling\/wp-json\/wp\/v2\/posts"}],"about":[{"href":"https:\/\/www.reservdelar.nu\/bilstyling\/wp-json\/wp\/v2\/types\/post"}],"author":[{"embeddable":true,"href":"https:\/\/www.reservdelar.nu\/bilstyling\/wp-json\/wp\/v2\/users\/1"}],"replies":[{"embeddable":true,"href":"https:\/\/www.reservdelar.nu\/bilstyling\/wp-json\/wp\/v2\/comments?post=24050"}],"version-history":[{"count":0,"href":"https:\/\/www.reservdelar.nu\/bilstyling\/wp-json\/wp\/v2\/posts\/24050\/revisions"}],"wp:featuredmedia":[{"embeddable":true,"href":"https:\/\/www.reservdelar.nu\/bilstyling\/wp-json\/wp\/v2\/media\/47802"}],"wp:attachment":[{"href":"https:\/\/www.reservdelar.nu\/bilstyling\/wp-json\/wp\/v2\/media?parent=24050"}],"wp:term":[{"taxonomy":"category","embeddable":true,"href":"https:\/\/www.reservdelar.nu\/bilstyling\/wp-json\/wp\/v2\/categories?post=24050"},{"taxonomy":"post_tag","embeddable":true,"href":"https:\/\/www.reservdelar.nu\/bilstyling\/wp-json\/wp\/v2\/tags?post=24050"}],"curies":[{"name":"wp","href":"https:\/\/api.w.org\/{rel}","templated":true}]}}