{"id":23642,"date":"2014-01-06T10:17:51","date_gmt":"2014-01-06T09:17:51","guid":{"rendered":"http:\/\/www.reservdelar.nu\/bilstyling\/air-flow-daf-13-dynamic-luftintag-2\/"},"modified":"2014-04-22T17:27:31","modified_gmt":"2014-04-22T15:27:31","slug":"air-flow-daf-13-dynamic-luftintag","status":"publish","type":"post","link":"https:\/\/www.reservdelar.nu\/bilstyling\/air-flow-daf-13-dynamic-luftintag\/","title":{"rendered":"Air Flow DAF 13 Dynamic &#8211; Luftintag"},"content":{"rendered":"<table style=\"width: 700px; height: 100px;\" border=\"1\">\n<tbody>\n<tr>\n<td><a href=\"http:\/\/www.blueride.se\/air-flow-daf-dynamic-luftintag-p-1113.html\" target=\"_blank\" rel=\"nofollow\"><img loading=\"lazy\" decoding=\"async\" class=\"aligncenter\" title=\"Air Flow DAF 13 Dynamic - Luftintag \" src=\"http:\/\/www.blueride.se\/images\/l_02213_airflow.jpg\" alt=\"K\u00f6p Air Flow DAF 13 Dynamic - Luftintag Billigt Online\" width=\"100\" height=\"100\" \/><\/a><\/td>\n<td style=\"text-align: center;\">\n<h1><a href=\"http:\/\/www.blueride.se\/air-flow-daf-dynamic-luftintag-p-1113.html\" target=\"_blank\" rel=\"nofollow\"><img loading=\"lazy\" decoding=\"async\" title=\"K\u00f6p Air Flow DAF 13 Dynamic - Luftintag hos Blueride.se\" src=\"https:\/\/www.reservdelar.nu\/bilstyling\/wp-content\/uploads\/2012\/08\/blueride.png\" alt=\"Blueride.se\" width=\"100\" height=\"42\" \/><\/a><\/h1>\n<\/td>\n<td style=\"text-align: center;\">\n<h2><strong>129 <\/strong>kr\/st<\/h2>\n<\/td>\n<td style=\"text-align: center;\"><a href=\"http:\/\/www.blueride.se\/air-flow-daf-dynamic-luftintag-p-1113.html\" target=\"_blank\" rel=\"nofollow\"><img loading=\"lazy\" decoding=\"async\" title=\"K\u00f6p Air Flow DAF 13 Dynamic - Luftintag nu hos Blueride.se\" src=\"https:\/\/www.reservdelar.nu\/bilstyling\/wp-content\/uploads\/2014\/03\/kop-nu.png\" alt=\"Blueride.se\" width=\"100\" height=\"42\" \/><\/a><\/td>\n<\/tr>\n<\/tbody>\n<\/table>\n<p>Tv\u00e5 st svarta imitationer av luftintag med aluminiumgaller. F\u00e4sts med dubbelh\u00e4ftande tejp som medf\u00f6ljer.     Bredd: 12 cm.     L\u00e4ngd: 45 cm. <span style=\"color: #0000ff;\"><strong><a title=\"L\u00c4S MER\" href=\"http:\/\/www.blueride.se\/air-flow-daf-dynamic-luftintag-p-1113.html\" target=\"_blank\" rel=\"nofollow\"><span style=\"color: #0000ff;\">L\u00c4S MER<\/span><\/a><\/strong><\/span><\/p>\n<p><span style=\"color: #0000ff;\"><strong>Air Flow DAF 13 Dynamic &#8211; Luftintag<img loading=\"lazy\" decoding=\"async\" class=\"alignright\" title=\"Air Flow DAF 13 Dynamic - Luftintag \" src=\"http:\/\/www.blueride.se\/images\/l_02213_airflow.jpg\" alt=\"K\u00f6p Air Flow DAF 13 Dynamic - Luftintag Billigt Online\" width=\"250\" height=\"250\" \/><\/strong><\/span><\/p>\n<table style=\"width: 274px;\" border=\"1\">\n<tbody>\n<tr>\n<td><strong><strong>Artikel id\/nr:<\/strong><\/strong><\/td>\n<td style=\"text-align: left;\">la-0221.3<\/td>\n<\/tr>\n<tr>\n<td><strong>Kategori:<\/strong><\/td>\n<td style=\"text-align: left;\">Styling till bilen<\/td>\n<\/tr>\n<tr>\n<td><\/td>\n<td style=\"text-align: left;\">Tuning till bilen<\/td>\n<\/tr>\n<tr>\n<td><\/td>\n<td style=\"text-align: left;\">Tillbeh\u00f6r till bilen<\/td>\n<\/tr>\n<tr>\n<td><strong><strong>Typ:<\/strong><\/strong><\/td>\n<td style=\"text-align: left;\">Exteri\u00f6r<\/td>\n<\/tr>\n<tr>\n<td><\/td>\n<td style=\"text-align: left;\">Luftintag &#038; Air Flow<\/td>\n<\/tr>\n<tr>\n<td><\/td>\n<td style=\"text-align: left;\"><\/td>\n<\/tr>\n<tr>\n<td><strong>I lager<\/strong><strong>:<\/strong><\/td>\n<td style=\"text-align: left;\">yes<\/td>\n<\/tr>\n<tr>\n<td><strong>Fraktkostnad:<\/strong><\/td>\n<td style=\"text-align: left;\">49 kr<\/td>\n<\/tr>\n<tr>\n<td><strong>Leveranstid:<\/strong><\/td>\n<td style=\"text-align: left;\">49 dagar<\/td>\n<\/tr>\n<tr>\n<td><\/td>\n<td style=\"text-align: left;\"><\/td>\n<\/tr>\n<tr>\n<td><strong><strong>Pris:<\/strong><\/strong><\/td>\n<td style=\"text-align: left;\"><span style=\"color: #0000ff;\"><strong>129 kr\/st<\/strong><\/span><\/td>\n<\/tr>\n<tr>\n<td><\/td>\n<td style=\"text-align: left;\"><\/td>\n<\/tr>\n<tr>\n<td><a href=\"http:\/\/www.blueride.se\/air-flow-daf-dynamic-luftintag-p-1113.html\" target=\"_blank\" rel=\"nofollow\"><img loading=\"lazy\" decoding=\"async\" title=\"K\u00f6p Air Flow DAF 13 Dynamic - Luftintag hos Blueride.se\" src=\"https:\/\/www.reservdelar.nu\/bilstyling\/wp-content\/uploads\/2012\/08\/blueride.png\" alt=\"Blueride.se\" width=\"100\" height=\"42\" \/><\/a><\/td>\n<td style=\"text-align: center;\">\n<h1><a href=\"http:\/\/www.blueride.se\/air-flow-daf-dynamic-luftintag-p-1113.html\" target=\"_blank\" rel=\"nofollow\"><img loading=\"lazy\" decoding=\"async\" title=\"K\u00f6p Air Flow DAF 13 Dynamic - Luftintag nu hos Blueride.se\" src=\"https:\/\/www.reservdelar.nu\/bilstyling\/wp-content\/uploads\/2014\/03\/kop-nu.png\" alt=\"Blueride.se\" width=\"100\" height=\"42\" \/><\/a><\/h1>\n<\/td>\n<\/tr>\n<\/tbody>\n<\/table>\n","protected":false},"excerpt":{"rendered":"<p>129 kr\/st Tv\u00e5 st svarta imitationer av luftintag med aluminiumgaller. F\u00e4sts med dubbelh\u00e4ftande tejp som medf\u00f6ljer. Bredd: 12 cm. L\u00e4ngd: 45 cm. L\u00c4S MER Air Flow DAF 13 Dynamic &#8211; Luftintag Artikel id\/nr: la-0221.3 Kategori: Styling till bilen Tuning till bilen Tillbeh\u00f6r till bilen Typ: Exteri\u00f6r Luftintag &#038; Air Flow I lager: yes Fraktkostnad: 49 [&hellip;]<\/p>\n","protected":false},"author":1,"featured_media":45406,"comment_status":"open","ping_status":"open","sticky":false,"template":"","format":"standard","meta":{"footnotes":""},"categories":[5333,5362,5323,5325,5324],"tags":[505,5415,495,481,5576,5578,5577],"class_list":["post-23642","post","type-post","status-publish","format-standard","has-post-thumbnail","hentry","category-exterior-styling-till-bilen","category-luftintag-air-flow-exterior-styling-till-bilen","category-styling-till-bilen","category-tillbehor-till-bilen","category-tuning-till-bilen","tag-air-flow-daf-13-dynamic-luftintag","tag-exterior","tag-la-0221-3","tag-luftintag-air-flow","tag-styling-till-bilen","tag-tillbehor-till-bilen","tag-tuning-till-bilen"],"_links":{"self":[{"href":"https:\/\/www.reservdelar.nu\/bilstyling\/wp-json\/wp\/v2\/posts\/23642","targetHints":{"allow":["GET"]}}],"collection":[{"href":"https:\/\/www.reservdelar.nu\/bilstyling\/wp-json\/wp\/v2\/posts"}],"about":[{"href":"https:\/\/www.reservdelar.nu\/bilstyling\/wp-json\/wp\/v2\/types\/post"}],"author":[{"embeddable":true,"href":"https:\/\/www.reservdelar.nu\/bilstyling\/wp-json\/wp\/v2\/users\/1"}],"replies":[{"embeddable":true,"href":"https:\/\/www.reservdelar.nu\/bilstyling\/wp-json\/wp\/v2\/comments?post=23642"}],"version-history":[{"count":0,"href":"https:\/\/www.reservdelar.nu\/bilstyling\/wp-json\/wp\/v2\/posts\/23642\/revisions"}],"wp:featuredmedia":[{"embeddable":true,"href":"https:\/\/www.reservdelar.nu\/bilstyling\/wp-json\/wp\/v2\/media\/45406"}],"wp:attachment":[{"href":"https:\/\/www.reservdelar.nu\/bilstyling\/wp-json\/wp\/v2\/media?parent=23642"}],"wp:term":[{"taxonomy":"category","embeddable":true,"href":"https:\/\/www.reservdelar.nu\/bilstyling\/wp-json\/wp\/v2\/categories?post=23642"},{"taxonomy":"post_tag","embeddable":true,"href":"https:\/\/www.reservdelar.nu\/bilstyling\/wp-json\/wp\/v2\/tags?post=23642"}],"curies":[{"name":"wp","href":"https:\/\/api.w.org\/{rel}","templated":true}]}}