{"id":23568,"date":"2013-09-27T07:09:17","date_gmt":"2013-09-27T05:09:17","guid":{"rendered":"http:\/\/www.reservdelar.nu\/bilstyling\/vw-golf-iii-vento-92-98-reparationshandbok-2\/"},"modified":"2014-04-22T17:21:34","modified_gmt":"2014-04-22T15:21:34","slug":"vw-golf-iii-vento-92-98-reparationshandbok","status":"publish","type":"post","link":"https:\/\/www.reservdelar.nu\/bilstyling\/vw-golf-iii-vento-92-98-reparationshandbok\/","title":{"rendered":"VW Golf III &#038; Vento (92-98) &#8211; Reparationshandbok"},"content":{"rendered":"<table style=\"width: 700px; height: 100px;\" border=\"1\">\n<tbody>\n<tr>\n<td><a href=\"http:\/\/www.blueride.se\/golf-iii-vento-reparationshandbok-p-2135.html\" target=\"_blank\" rel=\"nofollow\"><img loading=\"lazy\" decoding=\"async\" class=\"aligncenter\" title=\"VW Golf III &#038; Vento (92-98) - Reparationshandbok \" src=\"http:\/\/www.blueride.se\/images\/me_sv3244_vwgolf.jpg\" alt=\"K\u00f6p VW Golf III &#038; Vento (92-98) - Reparationshandbok Billigt Online\" width=\"100\" height=\"100\" \/><\/a><\/td>\n<td style=\"text-align: center;\">\n<h1><a href=\"http:\/\/www.blueride.se\/golf-iii-vento-reparationshandbok-p-2135.html\" target=\"_blank\" rel=\"nofollow\"><img loading=\"lazy\" decoding=\"async\" title=\"K\u00f6p VW Golf III &#038; Vento (92-98) - Reparationshandbok hos Blueride.se\" src=\"https:\/\/www.reservdelar.nu\/bilstyling\/wp-content\/uploads\/2012\/08\/blueride.png\" alt=\"Blueride.se\" width=\"100\" height=\"42\" \/><\/a><\/h1>\n<\/td>\n<td style=\"text-align: center;\">\n<h2><strong>279 <\/strong>kr\/st<\/h2>\n<\/td>\n<td style=\"text-align: center;\"><a href=\"http:\/\/www.blueride.se\/golf-iii-vento-reparationshandbok-p-2135.html\" target=\"_blank\" rel=\"nofollow\"><img loading=\"lazy\" decoding=\"async\" title=\"K\u00f6p VW Golf III &#038; Vento (92-98) - Reparationshandbok nu hos Blueride.se\" src=\"https:\/\/www.reservdelar.nu\/bilstyling\/wp-content\/uploads\/2014\/03\/kop-nu.png\" alt=\"Blueride.se\" width=\"100\" height=\"42\" \/><\/a><\/td>\n<\/tr>\n<\/tbody>\n<\/table>\n<p>Reparationshandbok f\u00f6r VW Golf III &#038; Vento (92-98).  VW Golf &#038; Vento framhjulsdrivna modeller med fyrcylindrig bensin- eller dieselmotor, inklusive specialmodeller.    Behandlar huvudparten av cabrioletversionens mekaniska funktioner.    Behandlar ej 2792cc VR6 motorer eller fyrhjulsdrivna modeller.    1390, 1391, 1398, 1595, 1598, 1781 och 1984cc (inkl DOHC) bensinmotorer.    1896cc dieselmotorer, inklusive turbo.      Varje handbok baseras p\u00e5 en fullst\u00e4ndig is\u00e4rtagning och hops\u00e4ttning.      Haynes reparationshandb\u00f6cker har anv\u00e4nts i snart 50 \u00e5r, b\u00e5de av professionella mekaniker och av hobbymekaniker. Handb\u00f6ckerna \u00e4r k\u00e4nda \u00f6ver hela v\u00e4rlden f\u00f6r sin tydlighet i b\u00e5de text och illustrationer. Du kan spara minst halva kostnaden genom att sk\u00f6ta servicen av din bil sj\u00e4lv &#8211; varje g\u00e5ng.    Vill du se ett exempel p\u00e5 hur reparationshandboken \u00e4r uppbyggd klicka h\u00e4r. <span style=\"color: #0000ff;\"><strong><a title=\"L\u00c4S MER\" href=\"http:\/\/www.blueride.se\/golf-iii-vento-reparationshandbok-p-2135.html\" target=\"_blank\" rel=\"nofollow\"><span style=\"color: #0000ff;\">L\u00c4S MER<\/span><\/a><\/strong><\/span><\/p>\n<p><span style=\"color: #0000ff;\"><strong>VW Golf III &#038; Vento (92-98) &#8211; Reparationshandbok<img loading=\"lazy\" decoding=\"async\" class=\"alignright\" title=\"VW Golf III &#038; Vento (92-98) - Reparationshandbok \" src=\"http:\/\/www.blueride.se\/images\/me_sv3244_vwgolf.jpg\" alt=\"K\u00f6p VW Golf III &#038; Vento (92-98) - Reparationshandbok Billigt Online\" width=\"250\" height=\"250\" \/><\/strong><\/span><\/p>\n<table style=\"width: 274px;\" border=\"1\">\n<tbody>\n<tr>\n<td><strong><strong>Artikel id\/nr:<\/strong><\/strong><\/td>\n<td style=\"text-align: left;\">4400-SV3244<\/td>\n<\/tr>\n<tr>\n<td><strong>Kategori:<\/strong><\/td>\n<td style=\"text-align: left;\">Styling till bilen<\/td>\n<\/tr>\n<tr>\n<td><\/td>\n<td style=\"text-align: left;\">Tuning till bilen<\/td>\n<\/tr>\n<tr>\n<td><\/td>\n<td style=\"text-align: left;\">Tillbeh\u00f6r till bilen<\/td>\n<\/tr>\n<tr>\n<td><strong><strong>Typ:<\/strong><\/strong><\/td>\n<td style=\"text-align: left;\">Reparationshandb\u00f6cker<\/td>\n<\/tr>\n<tr>\n<td><\/td>\n<td style=\"text-align: left;\"><\/td>\n<\/tr>\n<tr>\n<td><\/td>\n<td style=\"text-align: left;\"><\/td>\n<\/tr>\n<tr>\n<td><strong>I lager<\/strong><strong>:<\/strong><\/td>\n<td style=\"text-align: left;\">yes<\/td>\n<\/tr>\n<tr>\n<td><strong>Fraktkostnad:<\/strong><\/td>\n<td style=\"text-align: left;\">49 kr<\/td>\n<\/tr>\n<tr>\n<td><strong>Leveranstid:<\/strong><\/td>\n<td style=\"text-align: left;\">49 dagar<\/td>\n<\/tr>\n<tr>\n<td><\/td>\n<td style=\"text-align: left;\"><\/td>\n<\/tr>\n<tr>\n<td><strong><strong>Pris:<\/strong><\/strong><\/td>\n<td style=\"text-align: left;\"><span style=\"color: #0000ff;\"><strong>279 kr\/st<\/strong><\/span><\/td>\n<\/tr>\n<tr>\n<td><\/td>\n<td style=\"text-align: left;\"><\/td>\n<\/tr>\n<tr>\n<td><a href=\"http:\/\/www.blueride.se\/golf-iii-vento-reparationshandbok-p-2135.html\" target=\"_blank\" rel=\"nofollow\"><img loading=\"lazy\" decoding=\"async\" title=\"K\u00f6p VW Golf III &#038; Vento (92-98) - Reparationshandbok hos Blueride.se\" src=\"https:\/\/www.reservdelar.nu\/bilstyling\/wp-content\/uploads\/2012\/08\/blueride.png\" alt=\"Blueride.se\" width=\"100\" height=\"42\" \/><\/a><\/td>\n<td style=\"text-align: center;\">\n<h1><a href=\"http:\/\/www.blueride.se\/golf-iii-vento-reparationshandbok-p-2135.html\" target=\"_blank\" rel=\"nofollow\"><img loading=\"lazy\" decoding=\"async\" title=\"K\u00f6p VW Golf III &#038; Vento (92-98) - Reparationshandbok nu hos Blueride.se\" src=\"https:\/\/www.reservdelar.nu\/bilstyling\/wp-content\/uploads\/2014\/03\/kop-nu.png\" alt=\"Blueride.se\" width=\"100\" height=\"42\" \/><\/a><\/h1>\n<\/td>\n<\/tr>\n<\/tbody>\n<\/table>\n","protected":false},"excerpt":{"rendered":"<p>279 kr\/st Reparationshandbok f\u00f6r VW Golf III &#038; Vento (92-98). VW Golf &#038; Vento framhjulsdrivna modeller med fyrcylindrig bensin- eller dieselmotor, inklusive specialmodeller. Behandlar huvudparten av cabrioletversionens mekaniska funktioner. Behandlar ej 2792cc VR6 motorer eller fyrhjulsdrivna modeller. 1390, 1391, 1398, 1595, 1598, 1781 och 1984cc (inkl DOHC) bensinmotorer. 1896cc dieselmotorer, inklusive turbo. Varje handbok baseras [&hellip;]<\/p>\n","protected":false},"author":1,"featured_media":44878,"comment_status":"open","ping_status":"open","sticky":false,"template":"","format":"standard","meta":{"footnotes":""},"categories":[5359,5323,5325,5324],"tags":[2243,5470,5576,5578,5577,2252],"class_list":["post-23568","post","type-post","status-publish","format-standard","has-post-thumbnail","hentry","category-reparationshandbocker-styling-till-bilen","category-styling-till-bilen","category-tillbehor-till-bilen","category-tuning-till-bilen","tag-4400-sv3244","tag-reparationshandbocker","tag-styling-till-bilen","tag-tillbehor-till-bilen","tag-tuning-till-bilen","tag-vw-golf-iii-vento-92-98-reparationshandbok"],"_links":{"self":[{"href":"https:\/\/www.reservdelar.nu\/bilstyling\/wp-json\/wp\/v2\/posts\/23568","targetHints":{"allow":["GET"]}}],"collection":[{"href":"https:\/\/www.reservdelar.nu\/bilstyling\/wp-json\/wp\/v2\/posts"}],"about":[{"href":"https:\/\/www.reservdelar.nu\/bilstyling\/wp-json\/wp\/v2\/types\/post"}],"author":[{"embeddable":true,"href":"https:\/\/www.reservdelar.nu\/bilstyling\/wp-json\/wp\/v2\/users\/1"}],"replies":[{"embeddable":true,"href":"https:\/\/www.reservdelar.nu\/bilstyling\/wp-json\/wp\/v2\/comments?post=23568"}],"version-history":[{"count":0,"href":"https:\/\/www.reservdelar.nu\/bilstyling\/wp-json\/wp\/v2\/posts\/23568\/revisions"}],"wp:featuredmedia":[{"embeddable":true,"href":"https:\/\/www.reservdelar.nu\/bilstyling\/wp-json\/wp\/v2\/media\/44878"}],"wp:attachment":[{"href":"https:\/\/www.reservdelar.nu\/bilstyling\/wp-json\/wp\/v2\/media?parent=23568"}],"wp:term":[{"taxonomy":"category","embeddable":true,"href":"https:\/\/www.reservdelar.nu\/bilstyling\/wp-json\/wp\/v2\/categories?post=23568"},{"taxonomy":"post_tag","embeddable":true,"href":"https:\/\/www.reservdelar.nu\/bilstyling\/wp-json\/wp\/v2\/tags?post=23568"}],"curies":[{"name":"wp","href":"https:\/\/api.w.org\/{rel}","templated":true}]}}