{"id":23284,"date":"2012-12-07T17:08:19","date_gmt":"2012-12-07T16:08:19","guid":{"rendered":"http:\/\/www.reservdelar.nu\/bilstyling\/stralkastarglas-saab-9-3-98-03-2\/"},"modified":"2014-04-22T13:05:50","modified_gmt":"2014-04-22T11:05:50","slug":"stralkastarglas-saab-9-3-98-03","status":"publish","type":"post","link":"https:\/\/www.reservdelar.nu\/bilstyling\/stralkastarglas-saab-9-3-98-03\/","title":{"rendered":"Str\u00e5lkastarglas Saab 9-3 98-03"},"content":{"rendered":"<table style=\"width: 700px; height: 100px;\" border=\"1\">\n<tbody>\n<tr>\n<td><a href=\"http:\/\/www.blueride.se\/stralkastarglas-saab-p-2319.html\" target=\"_blank\" rel=\"nofollow\"><img loading=\"lazy\" decoding=\"async\" class=\"aligncenter\" title=\"Str\u00e5lkastarglas Saab 9-3 98-03 Till Bilen - Baklampor, Lyktor &#038; Blinkers - Saab\" src=\"http:\/\/www.blueride.se\/images\/10-10378_rh.jpg\" alt=\"K\u00f6p Str\u00e5lkastarglas Saab 9-3 98-03 Billigt Online\" width=\"100\" height=\"100\" \/><\/a><\/td>\n<td style=\"text-align: center;\">\n<h1><a href=\"http:\/\/www.blueride.se\/stralkastarglas-saab-p-2319.html\" target=\"_blank\" rel=\"nofollow\"><img loading=\"lazy\" decoding=\"async\" title=\"K\u00f6p Str\u00e5lkastarglas Saab 9-3 98-03 hos Gummihuset.se\" src=\"https:\/\/www.reservdelar.nu\/bilstyling\/wp-content\/uploads\/2012\/08\/blueride.png\" alt=\"Gummihuset.se\" width=\"100\" height=\"42\" \/><\/a><\/h1>\n<\/td>\n<td style=\"text-align: center;\">\n<h2><strong>398 <\/strong>kr\/st<\/h2>\n<\/td>\n<td style=\"text-align: center;\"><a href=\"http:\/\/www.blueride.se\/stralkastarglas-saab-p-2319.html\" target=\"_blank\" rel=\"nofollow\"><img loading=\"lazy\" decoding=\"async\" title=\"K\u00f6p Str\u00e5lkastarglas Saab 9-3 98-03 nu hos Blueride.se\" src=\"https:\/\/www.reservdelar.nu\/bilstyling\/wp-content\/uploads\/2014\/03\/kop-nu.png\" alt=\"Gummihuset.se\" width=\"100\" height=\"42\" \/><\/a><\/td>\n<\/tr>\n<\/tbody>\n<\/table>\n<p>Str\u00e5lkastarglas till Saab 9-3 1998-2003.    Str\u00e5lkastarglaset \u00e4r E-m\u00e4rkt.    S\u00e4ljs styckvis.    Passar till f\u00f6ljande modeller:                Saab       9-3      1998 &#8211; 2003 <span style=\"color: #0000ff;\"><strong><a title=\"L\u00c4S MER\" href=\"http:\/\/www.blueride.se\/stralkastarglas-saab-p-2319.html\" target=\"_blank\" rel=\"nofollow\"><span style=\"color: #0000ff;\">L\u00c4S MER<\/span><\/a><\/strong><\/span><\/p>\n<p><span style=\"color: #0000ff;\"><strong>Str\u00e5lkastarglas Saab 9-3 98-03 Till Bilen &#8211; Baklampor, Lyktor &#038; Blinkers &#8211; Saab Fakta<img loading=\"lazy\" decoding=\"async\" class=\"alignright\" title=\"Str\u00e5lkastarglas Saab 9-3 98-03 Till Bilen - Baklampor, Lyktor &#038; Blinkers - Saab\" src=\"http:\/\/www.blueride.se\/images\/10-10378_rh.jpg\" alt=\"K\u00f6p Str\u00e5lkastarglas Saab 9-3 98-03 Billigt Online\" width=\"250\" height=\"250\" \/><\/strong><\/span><\/p>\n<table style=\"width: 274px;\" border=\"1\">\n<tbody>\n<tr>\n<td><strong>Artikel id\/nr:<\/strong><\/td>\n<td style=\"text-align: left;\">(<span style=\"color: #888888;\"><strong>ste-10.10360 \/ 34340043<\/strong><\/span>)<\/td>\n<\/tr>\n<tr>\n<td><strong>Typ:<\/strong><\/td>\n<td style=\"text-align: left;\">Till Bilen &#8211; Baklampor, Lyktor &#038; Blinkers &#8211; Saab<\/td>\n<\/tr>\n<tr>\n<td colspan=\"2\"><\/td>\n<\/tr>\n<tr>\n<td><strong>I lager<\/strong><strong>:<\/strong><\/td>\n<td style=\"text-align: left;\">yes<\/td>\n<\/tr>\n<tr>\n<td><strong>Fraktkostnad:<\/strong><\/td>\n<td style=\"text-align: left;\">49 kr<\/td>\n<\/tr>\n<tr>\n<td colspan=\"2\"><\/td>\n<\/tr>\n<tr>\n<td><strong>Leveranstid:<\/strong><\/td>\n<td style=\"text-align: left;\">49 dagar<\/td>\n<\/tr>\n<tr>\n<td><strong><strong>Pris:<\/strong><\/strong><\/td>\n<td style=\"text-align: left;\"><span style=\"color: #0000ff;\"><strong>398 kr\/st<\/strong><\/span><\/td>\n<\/tr>\n<tr>\n<td colspan=\"2\"><\/td>\n<\/tr>\n<tr>\n<td><a href=\"http:\/\/www.blueride.se\/stralkastarglas-saab-p-2319.html\" target=\"_blank\" rel=\"nofollow\"><img loading=\"lazy\" decoding=\"async\" title=\"K\u00f6p Str\u00e5lkastarglas Saab 9-3 98-03 hos Gummihuset.se\" src=\"https:\/\/www.reservdelar.nu\/bilstyling\/wp-content\/uploads\/2012\/08\/blueride.png\" alt=\"Gummihuset.se\" width=\"100\" height=\"42\" \/><\/a><\/td>\n<td style=\"text-align: center;\">\n<h1><a href=\"http:\/\/www.blueride.se\/stralkastarglas-saab-p-2319.html\" target=\"_blank\" rel=\"nofollow\"><img loading=\"lazy\" decoding=\"async\" title=\"K\u00f6p Str\u00e5lkastarglas Saab 9-3 98-03 nu hos Blueride.se\" src=\"https:\/\/www.reservdelar.nu\/bilstyling\/wp-content\/uploads\/2014\/03\/kop-nu.png\" alt=\"Gummihuset.se\" width=\"100\" height=\"42\" \/><\/a><\/h1>\n<\/td>\n<\/tr>\n<\/tbody>\n<\/table>\n","protected":false},"excerpt":{"rendered":"<p>398 kr\/st Str\u00e5lkastarglas till Saab 9-3 1998-2003. Str\u00e5lkastarglaset \u00e4r E-m\u00e4rkt. S\u00e4ljs styckvis. Passar till f\u00f6ljande modeller: Saab 9-3 1998 &#8211; 2003 L\u00c4S MER Str\u00e5lkastarglas Saab 9-3 98-03 Till Bilen &#8211; Baklampor, Lyktor &#038; Blinkers &#8211; Saab Fakta Artikel id\/nr: (ste-10.10360 \/ 34340043) Typ: Till Bilen &#8211; Baklampor, Lyktor &#038; Blinkers &#8211; Saab I lager: yes [&hellip;]<\/p>\n","protected":false},"author":1,"featured_media":35412,"comment_status":"open","ping_status":"open","sticky":false,"template":"","format":"standard","meta":{"footnotes":""},"categories":[],"tags":[5569,4629,2235,5568],"class_list":["post-23284","post","type-post","status-publish","format-standard","has-post-thumbnail","hentry","tag-lyktor-blinkers-saab","tag-ste-10-10360-34340043","tag-stralkastarglas-saab-9-3-98-03","tag-till-bilen-baklampor"],"_links":{"self":[{"href":"https:\/\/www.reservdelar.nu\/bilstyling\/wp-json\/wp\/v2\/posts\/23284","targetHints":{"allow":["GET"]}}],"collection":[{"href":"https:\/\/www.reservdelar.nu\/bilstyling\/wp-json\/wp\/v2\/posts"}],"about":[{"href":"https:\/\/www.reservdelar.nu\/bilstyling\/wp-json\/wp\/v2\/types\/post"}],"author":[{"embeddable":true,"href":"https:\/\/www.reservdelar.nu\/bilstyling\/wp-json\/wp\/v2\/users\/1"}],"replies":[{"embeddable":true,"href":"https:\/\/www.reservdelar.nu\/bilstyling\/wp-json\/wp\/v2\/comments?post=23284"}],"version-history":[{"count":0,"href":"https:\/\/www.reservdelar.nu\/bilstyling\/wp-json\/wp\/v2\/posts\/23284\/revisions"}],"wp:featuredmedia":[{"embeddable":true,"href":"https:\/\/www.reservdelar.nu\/bilstyling\/wp-json\/wp\/v2\/media\/35412"}],"wp:attachment":[{"href":"https:\/\/www.reservdelar.nu\/bilstyling\/wp-json\/wp\/v2\/media?parent=23284"}],"wp:term":[{"taxonomy":"category","embeddable":true,"href":"https:\/\/www.reservdelar.nu\/bilstyling\/wp-json\/wp\/v2\/categories?post=23284"},{"taxonomy":"post_tag","embeddable":true,"href":"https:\/\/www.reservdelar.nu\/bilstyling\/wp-json\/wp\/v2\/tags?post=23284"}],"curies":[{"name":"wp","href":"https:\/\/api.w.org\/{rel}","templated":true}]}}