{"id":23272,"date":"2013-01-27T00:50:27","date_gmt":"2013-01-26T23:50:27","guid":{"rendered":"http:\/\/www.reservdelar.nu\/bilstyling\/air-vent-trim-krom-2\/"},"modified":"2014-04-22T17:51:56","modified_gmt":"2014-04-22T15:51:56","slug":"air-vent-trim-krom","status":"publish","type":"post","link":"https:\/\/www.reservdelar.nu\/bilstyling\/air-vent-trim-krom\/","title":{"rendered":"Air Vent Trim &#8211; Krom"},"content":{"rendered":"<table style=\"width: 700px; height: 100px;\" border=\"1\">\n<tbody>\n<tr>\n<td><a href=\"http:\/\/www.blueride.se\/air-vent-trim-krom-p-2326.html\" target=\"_blank\" rel=\"nofollow\"><img loading=\"lazy\" decoding=\"async\" class=\"aligncenter\" title=\"Air Vent Trim - Krom \" src=\"http:\/\/www.blueride.se\/images\/la_20856_air_vent_trim.jpg\" alt=\"K\u00f6p Air Vent Trim - Krom Billigt Online\" width=\"100\" height=\"100\" \/><\/a><\/td>\n<td style=\"text-align: center;\">\n<h1><a href=\"http:\/\/www.blueride.se\/air-vent-trim-krom-p-2326.html\" target=\"_blank\" rel=\"nofollow\"><img loading=\"lazy\" decoding=\"async\" title=\"K\u00f6p Air Vent Trim - Krom hos Blueride.se\" src=\"https:\/\/www.reservdelar.nu\/bilstyling\/wp-content\/uploads\/2012\/08\/blueride.png\" alt=\"Blueride.se\" width=\"100\" height=\"42\" \/><\/a><\/h1>\n<\/td>\n<td style=\"text-align: center;\">\n<h2><strong>39 <\/strong>kr\/st<\/h2>\n<\/td>\n<td style=\"text-align: center;\"><a href=\"http:\/\/www.blueride.se\/air-vent-trim-krom-p-2326.html\" target=\"_blank\" rel=\"nofollow\"><img loading=\"lazy\" decoding=\"async\" title=\"K\u00f6p Air Vent Trim - Krom nu hos Blueride.se\" src=\"https:\/\/www.reservdelar.nu\/bilstyling\/wp-content\/uploads\/2014\/03\/kop-nu.png\" alt=\"Blueride.se\" width=\"100\" height=\"42\" \/><\/a><\/td>\n<\/tr>\n<\/tbody>\n<\/table>\n<p>Kromad dekoration\/styling som kan f\u00e4stas p\u00e5 fl\u00e4nsarna p\u00e5 fl\u00e4ktutbl\u00e5set. Enkel att f\u00e4sta. De kan klippas f\u00f6r att de skall f\u00e5 r\u00e4tt passform. Air Vent Trim &#8211; Krom kan \u00e4ven anv\u00e4ndas p\u00e5 grillen, d\u00f6rrhandtag eller \u00f6vriga st\u00e4llen  d\u00e4r man vill t\u00e4cka eller styla en kant.    Ligger f\u00f6rpackad med 6 st remsor d\u00e4r varje remsa \u00e4r  25 cm. <span style=\"color: #0000ff;\"><strong><a title=\"L\u00c4S MER\" href=\"http:\/\/www.blueride.se\/air-vent-trim-krom-p-2326.html\" target=\"_blank\" rel=\"nofollow\"><span style=\"color: #0000ff;\">L\u00c4S MER<\/span><\/a><\/strong><\/span><\/p>\n<p><span style=\"color: #0000ff;\"><strong>Air Vent Trim &#8211; Krom<img loading=\"lazy\" decoding=\"async\" class=\"alignright\" title=\"Air Vent Trim - Krom \" src=\"http:\/\/www.blueride.se\/images\/la_20856_air_vent_trim.jpg\" alt=\"K\u00f6p Air Vent Trim - Krom Billigt Online\" width=\"250\" height=\"250\" \/><\/strong><\/span><\/p>\n<table style=\"width: 274px;\" border=\"1\">\n<tbody>\n<tr>\n<td><strong><strong>Artikel id\/nr:<\/strong><\/strong><\/td>\n<td style=\"text-align: left;\">la-20856<\/td>\n<\/tr>\n<tr>\n<td><strong>Kategori:<\/strong><\/td>\n<td style=\"text-align: left;\">Styling till bilen<\/td>\n<\/tr>\n<tr>\n<td><\/td>\n<td style=\"text-align: left;\">Tuning till bilen<\/td>\n<\/tr>\n<tr>\n<td><\/td>\n<td style=\"text-align: left;\">Tillbeh\u00f6r till bilen<\/td>\n<\/tr>\n<tr>\n<td><strong><strong>Typ:<\/strong><\/strong><\/td>\n<td style=\"text-align: left;\">Interi\u00f6r<\/td>\n<\/tr>\n<tr>\n<td><\/td>\n<td style=\"text-align: left;\">Lister &#038; Dekorationsfilm<\/td>\n<\/tr>\n<tr>\n<td><\/td>\n<td style=\"text-align: left;\"><\/td>\n<\/tr>\n<tr>\n<td><strong>I lager<\/strong><strong>:<\/strong><\/td>\n<td style=\"text-align: left;\">yes<\/td>\n<\/tr>\n<tr>\n<td><strong>Fraktkostnad:<\/strong><\/td>\n<td style=\"text-align: left;\">49 kr<\/td>\n<\/tr>\n<tr>\n<td><strong>Leveranstid:<\/strong><\/td>\n<td style=\"text-align: left;\">49 dagar<\/td>\n<\/tr>\n<tr>\n<td><\/td>\n<td style=\"text-align: left;\"><\/td>\n<\/tr>\n<tr>\n<td><strong><strong>Pris:<\/strong><\/strong><\/td>\n<td style=\"text-align: left;\"><span style=\"color: #0000ff;\"><strong>39 kr\/st<\/strong><\/span><\/td>\n<\/tr>\n<tr>\n<td><\/td>\n<td style=\"text-align: left;\"><\/td>\n<\/tr>\n<tr>\n<td><a href=\"http:\/\/www.blueride.se\/air-vent-trim-krom-p-2326.html\" target=\"_blank\" rel=\"nofollow\"><img loading=\"lazy\" decoding=\"async\" title=\"K\u00f6p Air Vent Trim - Krom hos Blueride.se\" src=\"https:\/\/www.reservdelar.nu\/bilstyling\/wp-content\/uploads\/2012\/08\/blueride.png\" alt=\"Blueride.se\" width=\"100\" height=\"42\" \/><\/a><\/td>\n<td style=\"text-align: center;\">\n<h1><a href=\"http:\/\/www.blueride.se\/air-vent-trim-krom-p-2326.html\" target=\"_blank\" rel=\"nofollow\"><img loading=\"lazy\" decoding=\"async\" title=\"K\u00f6p Air Vent Trim - Krom nu hos Blueride.se\" src=\"https:\/\/www.reservdelar.nu\/bilstyling\/wp-content\/uploads\/2014\/03\/kop-nu.png\" alt=\"Blueride.se\" width=\"100\" height=\"42\" \/><\/a><\/h1>\n<\/td>\n<\/tr>\n<\/tbody>\n<\/table>\n","protected":false},"excerpt":{"rendered":"<p>39 kr\/st Kromad dekoration\/styling som kan f\u00e4stas p\u00e5 fl\u00e4nsarna p\u00e5 fl\u00e4ktutbl\u00e5set. Enkel att f\u00e4sta. De kan klippas f\u00f6r att de skall f\u00e5 r\u00e4tt passform. Air Vent Trim &#8211; Krom kan \u00e4ven anv\u00e4ndas p\u00e5 grillen, d\u00f6rrhandtag eller \u00f6vriga st\u00e4llen d\u00e4r man vill t\u00e4cka eller styla en kant. Ligger f\u00f6rpackad med 6 st remsor d\u00e4r varje remsa [&hellip;]<\/p>\n","protected":false},"author":1,"featured_media":47822,"comment_status":"open","ping_status":"open","sticky":false,"template":"","format":"standard","meta":{"footnotes":""},"categories":[5341,5342,5323,5325,5324],"tags":[2219,5451,2210,416,5576,5578,5577],"class_list":["post-23272","post","type-post","status-publish","format-standard","has-post-thumbnail","hentry","category-interior-styling-till-bilen","category-lister-dekorationsfilm-interior-styling-till-bilen","category-styling-till-bilen","category-tillbehor-till-bilen","category-tuning-till-bilen","tag-air-vent-trim-krom","tag-interior","tag-la-20856","tag-lister-dekorationsfilm","tag-styling-till-bilen","tag-tillbehor-till-bilen","tag-tuning-till-bilen"],"_links":{"self":[{"href":"https:\/\/www.reservdelar.nu\/bilstyling\/wp-json\/wp\/v2\/posts\/23272","targetHints":{"allow":["GET"]}}],"collection":[{"href":"https:\/\/www.reservdelar.nu\/bilstyling\/wp-json\/wp\/v2\/posts"}],"about":[{"href":"https:\/\/www.reservdelar.nu\/bilstyling\/wp-json\/wp\/v2\/types\/post"}],"author":[{"embeddable":true,"href":"https:\/\/www.reservdelar.nu\/bilstyling\/wp-json\/wp\/v2\/users\/1"}],"replies":[{"embeddable":true,"href":"https:\/\/www.reservdelar.nu\/bilstyling\/wp-json\/wp\/v2\/comments?post=23272"}],"version-history":[{"count":0,"href":"https:\/\/www.reservdelar.nu\/bilstyling\/wp-json\/wp\/v2\/posts\/23272\/revisions"}],"wp:featuredmedia":[{"embeddable":true,"href":"https:\/\/www.reservdelar.nu\/bilstyling\/wp-json\/wp\/v2\/media\/47822"}],"wp:attachment":[{"href":"https:\/\/www.reservdelar.nu\/bilstyling\/wp-json\/wp\/v2\/media?parent=23272"}],"wp:term":[{"taxonomy":"category","embeddable":true,"href":"https:\/\/www.reservdelar.nu\/bilstyling\/wp-json\/wp\/v2\/categories?post=23272"},{"taxonomy":"post_tag","embeddable":true,"href":"https:\/\/www.reservdelar.nu\/bilstyling\/wp-json\/wp\/v2\/tags?post=23272"}],"curies":[{"name":"wp","href":"https:\/\/api.w.org\/{rel}","templated":true}]}}