{"id":23182,"date":"2014-01-11T03:56:10","date_gmt":"2014-01-11T02:56:10","guid":{"rendered":"http:\/\/www.reservdelar.nu\/bilstyling\/vindrute-dekor-fransar-toffsar-blackwhite\/"},"modified":"2014-04-22T17:40:27","modified_gmt":"2014-04-22T15:40:27","slug":"vindrute-dekor-fransar-toffsar-blackwhite","status":"publish","type":"post","link":"https:\/\/www.reservdelar.nu\/bilstyling\/vindrute-dekor-fransar-toffsar-blackwhite\/","title":{"rendered":"Vindrute-Dekor Fransar &#038; Toffsar &#8211; Black\/White"},"content":{"rendered":"<table style=\"width: 700px; height: 100px;\" border=\"1\">\n<tbody>\n<tr>\n<td><a href=\"http:\/\/www.blueride.se\/vindrute-dekor-fransar-toffsar-blackwhite-p-3061.html\" target=\"_blank\" rel=\"nofollow\"><img loading=\"lazy\" decoding=\"async\" class=\"aligncenter\" title=\"Vindrute-Dekor Fransar &#038; Toffsar - Black\/White \" src=\"http:\/\/www.blueride.se\/images\/bl_36279_fransar_01.jpg\" alt=\"K\u00f6p Vindrute-Dekor Fransar &#038; Toffsar - Black\/White Billigt Online\" width=\"100\" height=\"100\" \/><\/a><\/td>\n<td style=\"text-align: center;\">\n<h1><a href=\"http:\/\/www.blueride.se\/vindrute-dekor-fransar-toffsar-blackwhite-p-3061.html\" target=\"_blank\" rel=\"nofollow\"><img loading=\"lazy\" decoding=\"async\" title=\"K\u00f6p Vindrute-Dekor Fransar &#038; Toffsar - Black\/White hos Blueride.se\" src=\"https:\/\/www.reservdelar.nu\/bilstyling\/wp-content\/uploads\/2012\/08\/blueride.png\" alt=\"Blueride.se\" width=\"100\" height=\"42\" \/><\/a><\/h1>\n<\/td>\n<td style=\"text-align: center;\">\n<h2><strong>98 <\/strong>kr\/st<\/h2>\n<\/td>\n<td style=\"text-align: center;\"><a href=\"http:\/\/www.blueride.se\/vindrute-dekor-fransar-toffsar-blackwhite-p-3061.html\" target=\"_blank\" rel=\"nofollow\"><img loading=\"lazy\" decoding=\"async\" title=\"K\u00f6p Vindrute-Dekor Fransar &#038; Toffsar - Black\/White nu hos Blueride.se\" src=\"https:\/\/www.reservdelar.nu\/bilstyling\/wp-content\/uploads\/2014\/03\/kop-nu.png\" alt=\"Blueride.se\" width=\"100\" height=\"42\" \/><\/a><\/td>\n<\/tr>\n<\/tbody>\n<\/table>\n<p>Dekor med fransar och tofsar f\u00f6r vindrutan p\u00e5 lastbilen. Vindrutedekoren\/gardinen passar \u00e4ven utm\u00e4rkt i bilen, husvagnen, husbilen eller i b\u00e5ten.    Toffsarna \u00e4r svarta och fransarna \u00e4r vita och svarta. H\u00e4ftstift medf\u00f6ljer f\u00f6r att f\u00e4sta dekoren\/gardinen.    Dekoren \u00e4r 2.35 meter l\u00e5ng och kan tex placeras i framrutan.     F\u00e4rg: Vit och Svart.    Storlek: 2,35 meter x 11 cm. <span style=\"color: #0000ff;\"><strong><a title=\"L\u00c4S MER\" href=\"http:\/\/www.blueride.se\/vindrute-dekor-fransar-toffsar-blackwhite-p-3061.html\" target=\"_blank\" rel=\"nofollow\"><span style=\"color: #0000ff;\">L\u00c4S MER<\/span><\/a><\/strong><\/span><\/p>\n<p><span style=\"color: #0000ff;\"><strong>Vindrute-Dekor Fransar &#038; Toffsar &#8211; Black\/White<img loading=\"lazy\" decoding=\"async\" class=\"alignright\" title=\"Vindrute-Dekor Fransar &#038; Toffsar - Black\/White \" src=\"http:\/\/www.blueride.se\/images\/bl_36279_fransar_01.jpg\" alt=\"K\u00f6p Vindrute-Dekor Fransar &#038; Toffsar - Black\/White Billigt Online\" width=\"250\" height=\"250\" \/><\/strong><\/span><\/p>\n<table style=\"width: 274px;\" border=\"1\">\n<tbody>\n<tr>\n<td><strong><strong>Artikel id\/nr:<\/strong><\/strong><\/td>\n<td style=\"text-align: left;\">bl-36279<\/td>\n<\/tr>\n<tr>\n<td><strong>Kategori:<\/strong><\/td>\n<td style=\"text-align: left;\">Styling till lastbilen<\/td>\n<\/tr>\n<tr>\n<td><\/td>\n<td style=\"text-align: left;\">Tuning till lastbilen<\/td>\n<\/tr>\n<tr>\n<td><\/td>\n<td style=\"text-align: left;\">Tillbeh\u00f6r till lastbilen<\/td>\n<\/tr>\n<tr>\n<td><strong><strong>Typ:<\/strong><\/strong><\/td>\n<td style=\"text-align: left;\">Interi\u00f6r<\/td>\n<\/tr>\n<tr>\n<td><\/td>\n<td style=\"text-align: left;\"><\/td>\n<\/tr>\n<tr>\n<td><\/td>\n<td style=\"text-align: left;\"><\/td>\n<\/tr>\n<tr>\n<td><strong>I lager<\/strong><strong>:<\/strong><\/td>\n<td style=\"text-align: left;\">yes<\/td>\n<\/tr>\n<tr>\n<td><strong>Fraktkostnad:<\/strong><\/td>\n<td style=\"text-align: left;\">49 kr<\/td>\n<\/tr>\n<tr>\n<td><strong>Leveranstid:<\/strong><\/td>\n<td style=\"text-align: left;\">49 dagar<\/td>\n<\/tr>\n<tr>\n<td><\/td>\n<td style=\"text-align: left;\"><\/td>\n<\/tr>\n<tr>\n<td><strong><strong>Pris:<\/strong><\/strong><\/td>\n<td style=\"text-align: left;\"><span style=\"color: #0000ff;\"><strong>98 kr\/st<\/strong><\/span><\/td>\n<\/tr>\n<tr>\n<td><\/td>\n<td style=\"text-align: left;\"><\/td>\n<\/tr>\n<tr>\n<td><a href=\"http:\/\/www.blueride.se\/vindrute-dekor-fransar-toffsar-blackwhite-p-3061.html\" target=\"_blank\" rel=\"nofollow\"><img loading=\"lazy\" decoding=\"async\" title=\"K\u00f6p Vindrute-Dekor Fransar &#038; Toffsar - Black\/White hos Blueride.se\" src=\"https:\/\/www.reservdelar.nu\/bilstyling\/wp-content\/uploads\/2012\/08\/blueride.png\" alt=\"Blueride.se\" width=\"100\" height=\"42\" \/><\/a><\/td>\n<td style=\"text-align: center;\">\n<h1><a href=\"http:\/\/www.blueride.se\/vindrute-dekor-fransar-toffsar-blackwhite-p-3061.html\" target=\"_blank\" rel=\"nofollow\"><img loading=\"lazy\" decoding=\"async\" title=\"K\u00f6p Vindrute-Dekor Fransar &#038; Toffsar - Black\/White nu hos Blueride.se\" src=\"https:\/\/www.reservdelar.nu\/bilstyling\/wp-content\/uploads\/2014\/03\/kop-nu.png\" alt=\"Blueride.se\" width=\"100\" height=\"42\" \/><\/a><\/h1>\n<\/td>\n<\/tr>\n<\/tbody>\n<\/table>\n","protected":false},"excerpt":{"rendered":"<p>98 kr\/st Dekor med fransar och tofsar f\u00f6r vindrutan p\u00e5 lastbilen. Vindrutedekoren\/gardinen passar \u00e4ven utm\u00e4rkt i bilen, husvagnen, husbilen eller i b\u00e5ten. Toffsarna \u00e4r svarta och fransarna \u00e4r vita och svarta. H\u00e4ftstift medf\u00f6ljer f\u00f6r att f\u00e4sta dekoren\/gardinen. Dekoren \u00e4r 2.35 meter l\u00e5ng och kan tex placeras i framrutan. F\u00e4rg: Vit och Svart. Storlek: 2,35 meter [&hellip;]<\/p>\n","protected":false},"author":1,"featured_media":46754,"comment_status":"open","ping_status":"open","sticky":false,"template":"","format":"standard","meta":{"footnotes":""},"categories":[5340,5337,5339,5338],"tags":[4611,5451,5582,5584,5583,4612],"class_list":["post-23182","post","type-post","status-publish","format-standard","has-post-thumbnail","hentry","category-interior-styling-till-lastbilen","category-styling-till-lastbilen","category-tillbehor-till-lastbilen","category-tuning-till-lastbilen","tag-bl-36279","tag-interior","tag-styling-till-lastbilen","tag-tillbehor-till-lastbilen","tag-tuning-till-lastbilen","tag-vindrute-dekor-fransar-toffsar-blackwhite"],"_links":{"self":[{"href":"https:\/\/www.reservdelar.nu\/bilstyling\/wp-json\/wp\/v2\/posts\/23182","targetHints":{"allow":["GET"]}}],"collection":[{"href":"https:\/\/www.reservdelar.nu\/bilstyling\/wp-json\/wp\/v2\/posts"}],"about":[{"href":"https:\/\/www.reservdelar.nu\/bilstyling\/wp-json\/wp\/v2\/types\/post"}],"author":[{"embeddable":true,"href":"https:\/\/www.reservdelar.nu\/bilstyling\/wp-json\/wp\/v2\/users\/1"}],"replies":[{"embeddable":true,"href":"https:\/\/www.reservdelar.nu\/bilstyling\/wp-json\/wp\/v2\/comments?post=23182"}],"version-history":[{"count":0,"href":"https:\/\/www.reservdelar.nu\/bilstyling\/wp-json\/wp\/v2\/posts\/23182\/revisions"}],"wp:featuredmedia":[{"embeddable":true,"href":"https:\/\/www.reservdelar.nu\/bilstyling\/wp-json\/wp\/v2\/media\/46754"}],"wp:attachment":[{"href":"https:\/\/www.reservdelar.nu\/bilstyling\/wp-json\/wp\/v2\/media?parent=23182"}],"wp:term":[{"taxonomy":"category","embeddable":true,"href":"https:\/\/www.reservdelar.nu\/bilstyling\/wp-json\/wp\/v2\/categories?post=23182"},{"taxonomy":"post_tag","embeddable":true,"href":"https:\/\/www.reservdelar.nu\/bilstyling\/wp-json\/wp\/v2\/tags?post=23182"}],"curies":[{"name":"wp","href":"https:\/\/api.w.org\/{rel}","templated":true}]}}