{"id":23146,"date":"2013-09-15T15:09:15","date_gmt":"2013-09-15T13:09:15","guid":{"rendered":"http:\/\/www.reservdelar.nu\/bilstyling\/fotpedal-blue-light-line-2\/"},"modified":"2014-04-22T17:35:33","modified_gmt":"2014-04-22T15:35:33","slug":"fotpedal-blue-light-line","status":"publish","type":"post","link":"https:\/\/www.reservdelar.nu\/bilstyling\/fotpedal-blue-light-line\/","title":{"rendered":"Fotpedal Blue Light Line"},"content":{"rendered":"<table style=\"width: 700px; height: 100px;\" border=\"1\">\n<tbody>\n<tr>\n<td><a href=\"http:\/\/www.blueride.se\/fotpedal-blue-light-line-p-543.html\" target=\"_blank\" rel=\"nofollow\"><img loading=\"lazy\" decoding=\"async\" class=\"aligncenter\" title=\"Fotpedal Blue Light Line \" src=\"http:\/\/www.blueride.se\/images\/cb_810021_pedal_line.jpg\" alt=\"K\u00f6p Fotpedal Blue Light Line Billigt Online\" width=\"100\" height=\"100\" \/><\/a><\/td>\n<td style=\"text-align: center;\">\n<h1><a href=\"http:\/\/www.blueride.se\/fotpedal-blue-light-line-p-543.html\" target=\"_blank\" rel=\"nofollow\"><img loading=\"lazy\" decoding=\"async\" title=\"K\u00f6p Fotpedal Blue Light Line hos Blueride.se\" src=\"https:\/\/www.reservdelar.nu\/bilstyling\/wp-content\/uploads\/2012\/08\/blueride.png\" alt=\"Blueride.se\" width=\"100\" height=\"42\" \/><\/a><\/h1>\n<\/td>\n<td style=\"text-align: center;\">\n<h2><strong>159 <\/strong>kr\/st<\/h2>\n<\/td>\n<td style=\"text-align: center;\"><a href=\"http:\/\/www.blueride.se\/fotpedal-blue-light-line-p-543.html\" target=\"_blank\" rel=\"nofollow\"><img loading=\"lazy\" decoding=\"async\" title=\"K\u00f6p Fotpedal Blue Light Line nu hos Blueride.se\" src=\"https:\/\/www.reservdelar.nu\/bilstyling\/wp-content\/uploads\/2014\/03\/kop-nu.png\" alt=\"Blueride.se\" width=\"100\" height=\"42\" \/><\/a><\/td>\n<\/tr>\n<\/tbody>\n<\/table>\n<p>Ett set med 3 st fotpedaler som lyser med bl\u00e5tt ljus.    Pedalerna \u00e4r av aluminium med p\u00e5liggande gummi.    F\u00e4sts p\u00e5 den befintliga gas-, broms- och kopplingspedalen p\u00e5 bilen.    Kopplas till bilens str\u00f6mk\u00e4lla med kablar som medf\u00f6ljer.    Komplett monteringssats med f\u00e4sten medf\u00f6ljer.    12 volt. <span style=\"color: #0000ff;\"><strong><a title=\"L\u00c4S MER\" href=\"http:\/\/www.blueride.se\/fotpedal-blue-light-line-p-543.html\" target=\"_blank\" rel=\"nofollow\"><span style=\"color: #0000ff;\">L\u00c4S MER<\/span><\/a><\/strong><\/span><\/p>\n<p><span style=\"color: #0000ff;\"><strong>Fotpedal Blue Light Line<img loading=\"lazy\" decoding=\"async\" class=\"alignright\" title=\"Fotpedal Blue Light Line \" src=\"http:\/\/www.blueride.se\/images\/cb_810021_pedal_line.jpg\" alt=\"K\u00f6p Fotpedal Blue Light Line Billigt Online\" width=\"250\" height=\"250\" \/><\/strong><\/span><\/p>\n<table style=\"width: 274px;\" border=\"1\">\n<tbody>\n<tr>\n<td><strong><strong>Artikel id\/nr:<\/strong><\/strong><\/td>\n<td style=\"text-align: left;\">yfx-5294<\/td>\n<\/tr>\n<tr>\n<td><strong>Kategori:<\/strong><\/td>\n<td style=\"text-align: left;\">Styling till bilen<\/td>\n<\/tr>\n<tr>\n<td><\/td>\n<td style=\"text-align: left;\">Tuning till bilen<\/td>\n<\/tr>\n<tr>\n<td><\/td>\n<td style=\"text-align: left;\">Tillbeh\u00f6r till bilen<\/td>\n<\/tr>\n<tr>\n<td><strong><strong>Typ:<\/strong><\/strong><\/td>\n<td style=\"text-align: left;\">Belysning, LED &#038; Neon<\/td>\n<\/tr>\n<tr>\n<td><\/td>\n<td style=\"text-align: left;\">Innre<\/td>\n<\/tr>\n<tr>\n<td><\/td>\n<td style=\"text-align: left;\"><\/td>\n<\/tr>\n<tr>\n<td><strong>I lager<\/strong><strong>:<\/strong><\/td>\n<td style=\"text-align: left;\">yes<\/td>\n<\/tr>\n<tr>\n<td><strong>Fraktkostnad:<\/strong><\/td>\n<td style=\"text-align: left;\">49 kr<\/td>\n<\/tr>\n<tr>\n<td><strong>Leveranstid:<\/strong><\/td>\n<td style=\"text-align: left;\">49 dagar<\/td>\n<\/tr>\n<tr>\n<td><\/td>\n<td style=\"text-align: left;\"><\/td>\n<\/tr>\n<tr>\n<td><strong><strong>Pris:<\/strong><\/strong><\/td>\n<td style=\"text-align: left;\"><span style=\"color: #0000ff;\"><strong>159 kr\/st<\/strong><\/span><\/td>\n<\/tr>\n<tr>\n<td><\/td>\n<td style=\"text-align: left;\"><\/td>\n<\/tr>\n<tr>\n<td><a href=\"http:\/\/www.blueride.se\/fotpedal-blue-light-line-p-543.html\" target=\"_blank\" rel=\"nofollow\"><img loading=\"lazy\" decoding=\"async\" title=\"K\u00f6p Fotpedal Blue Light Line hos Blueride.se\" src=\"https:\/\/www.reservdelar.nu\/bilstyling\/wp-content\/uploads\/2012\/08\/blueride.png\" alt=\"Blueride.se\" width=\"100\" height=\"42\" \/><\/a><\/td>\n<td style=\"text-align: center;\">\n<h1><a href=\"http:\/\/www.blueride.se\/fotpedal-blue-light-line-p-543.html\" target=\"_blank\" rel=\"nofollow\"><img loading=\"lazy\" decoding=\"async\" title=\"K\u00f6p Fotpedal Blue Light Line nu hos Blueride.se\" src=\"https:\/\/www.reservdelar.nu\/bilstyling\/wp-content\/uploads\/2014\/03\/kop-nu.png\" alt=\"Blueride.se\" width=\"100\" height=\"42\" \/><\/a><\/h1>\n<\/td>\n<\/tr>\n<\/tbody>\n<\/table>\n","protected":false},"excerpt":{"rendered":"<p>159 kr\/st Ett set med 3 st fotpedaler som lyser med bl\u00e5tt ljus. Pedalerna \u00e4r av aluminium med p\u00e5liggande gummi. F\u00e4sts p\u00e5 den befintliga gas-, broms- och kopplingspedalen p\u00e5 bilen. Kopplas till bilens str\u00f6mk\u00e4lla med kablar som medf\u00f6ljer. Komplett monteringssats med f\u00e4sten medf\u00f6ljer. 12 volt. L\u00c4S MER Fotpedal Blue Light Line Artikel id\/nr: yfx-5294 Kategori: [&hellip;]<\/p>\n","protected":false},"author":1,"featured_media":46206,"comment_status":"open","ping_status":"open","sticky":false,"template":"","format":"standard","meta":{"footnotes":""},"categories":[5346,5348,5347,5323,5325,5324],"tags":[5454,1271,5562,5561,5576,5578,5577,1262],"class_list":["post-23146","post","type-post","status-publish","format-standard","has-post-thumbnail","hentry","category-belysning-styling-till-bilen","category-innre-led-neon-styling-till-bilen-styling-till-bilen","category-led-neon-styling-till-bilen-styling-till-bilen","category-styling-till-bilen","category-tillbehor-till-bilen","category-tuning-till-bilen","tag-belysning","tag-fotpedal-blue-light-line","tag-innre","tag-led-neon","tag-styling-till-bilen","tag-tillbehor-till-bilen","tag-tuning-till-bilen","tag-yfx-5294"],"_links":{"self":[{"href":"https:\/\/www.reservdelar.nu\/bilstyling\/wp-json\/wp\/v2\/posts\/23146","targetHints":{"allow":["GET"]}}],"collection":[{"href":"https:\/\/www.reservdelar.nu\/bilstyling\/wp-json\/wp\/v2\/posts"}],"about":[{"href":"https:\/\/www.reservdelar.nu\/bilstyling\/wp-json\/wp\/v2\/types\/post"}],"author":[{"embeddable":true,"href":"https:\/\/www.reservdelar.nu\/bilstyling\/wp-json\/wp\/v2\/users\/1"}],"replies":[{"embeddable":true,"href":"https:\/\/www.reservdelar.nu\/bilstyling\/wp-json\/wp\/v2\/comments?post=23146"}],"version-history":[{"count":0,"href":"https:\/\/www.reservdelar.nu\/bilstyling\/wp-json\/wp\/v2\/posts\/23146\/revisions"}],"wp:featuredmedia":[{"embeddable":true,"href":"https:\/\/www.reservdelar.nu\/bilstyling\/wp-json\/wp\/v2\/media\/46206"}],"wp:attachment":[{"href":"https:\/\/www.reservdelar.nu\/bilstyling\/wp-json\/wp\/v2\/media?parent=23146"}],"wp:term":[{"taxonomy":"category","embeddable":true,"href":"https:\/\/www.reservdelar.nu\/bilstyling\/wp-json\/wp\/v2\/categories?post=23146"},{"taxonomy":"post_tag","embeddable":true,"href":"https:\/\/www.reservdelar.nu\/bilstyling\/wp-json\/wp\/v2\/tags?post=23146"}],"curies":[{"name":"wp","href":"https:\/\/api.w.org\/{rel}","templated":true}]}}