{"id":23052,"date":"2013-08-28T00:59:40","date_gmt":"2013-08-27T22:59:40","guid":{"rendered":"http:\/\/www.reservdelar.nu\/bilstyling\/carbon-folie-115x155-cm\/"},"modified":"2014-04-22T17:43:29","modified_gmt":"2014-04-22T15:43:29","slug":"carbon-folie-115x155-cm","status":"publish","type":"post","link":"https:\/\/www.reservdelar.nu\/bilstyling\/carbon-folie-115x155-cm\/","title":{"rendered":"Carbon-Folie 115&#215;155 cm"},"content":{"rendered":"<table style=\"width: 700px; height: 100px;\" border=\"1\">\n<tbody>\n<tr>\n<td><a href=\"http:\/\/www.blueride.se\/carbon-folie-115x155-p-1944.html\" target=\"_blank\" rel=\"nofollow\"><img loading=\"lazy\" decoding=\"async\" class=\"aligncenter\" title=\"Carbon-Folie 115x155 cm \" src=\"http:\/\/www.blueride.se\/images\/mh_62554_carbonfolie_2.jpg\" alt=\"K\u00f6p Carbon-Folie 115x155 cm Billigt Online\" width=\"100\" height=\"100\" \/><\/a><\/td>\n<td style=\"text-align: center;\">\n<h1><a href=\"http:\/\/www.blueride.se\/carbon-folie-115x155-p-1944.html\" target=\"_blank\" rel=\"nofollow\"><img loading=\"lazy\" decoding=\"async\" title=\"K\u00f6p Carbon-Folie 115x155 cm hos Blueride.se\" src=\"https:\/\/www.reservdelar.nu\/bilstyling\/wp-content\/uploads\/2012\/08\/blueride.png\" alt=\"Blueride.se\" width=\"100\" height=\"42\" \/><\/a><\/h1>\n<\/td>\n<td style=\"text-align: center;\">\n<h2><strong>795 <\/strong>kr\/st<\/h2>\n<\/td>\n<td style=\"text-align: center;\"><a href=\"http:\/\/www.blueride.se\/carbon-folie-115x155-p-1944.html\" target=\"_blank\" rel=\"nofollow\"><img loading=\"lazy\" decoding=\"async\" title=\"K\u00f6p Carbon-Folie 115x155 cm nu hos Blueride.se\" src=\"https:\/\/www.reservdelar.nu\/bilstyling\/wp-content\/uploads\/2014\/03\/kop-nu.png\" alt=\"Blueride.se\" width=\"100\" height=\"42\" \/><\/a><\/td>\n<\/tr>\n<\/tbody>\n<\/table>\n<p>Ett ark med look av carbon. Arket \u00e4r stort och har en yta p\u00e5 115 x 155 cm, och \u00e4r framtaget speciellt f\u00f6r att appliceras p\u00e5 motorhuven. Men den fungerar \u00e4ven utm\u00e4rkt att f\u00e4sta p\u00e5 bagagen, takluckan, spoilern eller dela den i mindre bitar.    Man kan klippa i folien med en vanlig sax f\u00f6r att f\u00e5 den storlek eller form man beh\u00f6ver.    Folien appliceras med det klister\/dubelh\u00e4ftande tejp som sitter p\u00e5 folien.    Karbonfolien kan avl\u00e4gsnas utan skador p\u00e5 lacken.    Storlek: 115 x 155 cm <span style=\"color: #0000ff;\"><strong><a title=\"L\u00c4S MER\" href=\"http:\/\/www.blueride.se\/carbon-folie-115x155-p-1944.html\" target=\"_blank\" rel=\"nofollow\"><span style=\"color: #0000ff;\">L\u00c4S MER<\/span><\/a><\/strong><\/span><\/p>\n<p><span style=\"color: #0000ff;\"><strong>Carbon-Folie 115&#215;155 cm<img loading=\"lazy\" decoding=\"async\" class=\"alignright\" title=\"Carbon-Folie 115x155 cm \" src=\"http:\/\/www.blueride.se\/images\/mh_62554_carbonfolie_2.jpg\" alt=\"K\u00f6p Carbon-Folie 115x155 cm Billigt Online\" width=\"250\" height=\"250\" \/><\/strong><\/span><\/p>\n<table style=\"width: 274px;\" border=\"1\">\n<tbody>\n<tr>\n<td><strong><strong>Artikel id\/nr:<\/strong><\/strong><\/td>\n<td style=\"text-align: left;\">as-mh-62554<\/td>\n<\/tr>\n<tr>\n<td><strong>Kategori:<\/strong><\/td>\n<td style=\"text-align: left;\">Styling till bilen<\/td>\n<\/tr>\n<tr>\n<td><\/td>\n<td style=\"text-align: left;\">Tuning till bilen<\/td>\n<\/tr>\n<tr>\n<td><\/td>\n<td style=\"text-align: left;\">Tillbeh\u00f6r till bilen<\/td>\n<\/tr>\n<tr>\n<td><strong><strong>Typ:<\/strong><\/strong><\/td>\n<td style=\"text-align: left;\">Dekaler<\/td>\n<\/tr>\n<tr>\n<td><\/td>\n<td style=\"text-align: left;\">Illusioner<\/td>\n<\/tr>\n<tr>\n<td><\/td>\n<td style=\"text-align: left;\"><\/td>\n<\/tr>\n<tr>\n<td><strong>I lager<\/strong><strong>:<\/strong><\/td>\n<td style=\"text-align: left;\">yes<\/td>\n<\/tr>\n<tr>\n<td><strong>Fraktkostnad:<\/strong><\/td>\n<td style=\"text-align: left;\"> kr<\/td>\n<\/tr>\n<tr>\n<td><strong>Leveranstid:<\/strong><\/td>\n<td style=\"text-align: left;\"> dagar<\/td>\n<\/tr>\n<tr>\n<td><\/td>\n<td style=\"text-align: left;\"><\/td>\n<\/tr>\n<tr>\n<td><strong><strong>Pris:<\/strong><\/strong><\/td>\n<td style=\"text-align: left;\"><span style=\"color: #0000ff;\"><strong>795 kr\/st<\/strong><\/span><\/td>\n<\/tr>\n<tr>\n<td><\/td>\n<td style=\"text-align: left;\"><\/td>\n<\/tr>\n<tr>\n<td><a href=\"http:\/\/www.blueride.se\/carbon-folie-115x155-p-1944.html\" target=\"_blank\" rel=\"nofollow\"><img loading=\"lazy\" decoding=\"async\" title=\"K\u00f6p Carbon-Folie 115x155 cm hos Blueride.se\" src=\"https:\/\/www.reservdelar.nu\/bilstyling\/wp-content\/uploads\/2012\/08\/blueride.png\" alt=\"Blueride.se\" width=\"100\" height=\"42\" \/><\/a><\/td>\n<td style=\"text-align: center;\">\n<h1><a href=\"http:\/\/www.blueride.se\/carbon-folie-115x155-p-1944.html\" target=\"_blank\" rel=\"nofollow\"><img loading=\"lazy\" decoding=\"async\" title=\"K\u00f6p Carbon-Folie 115x155 cm nu hos Blueride.se\" src=\"https:\/\/www.reservdelar.nu\/bilstyling\/wp-content\/uploads\/2014\/03\/kop-nu.png\" alt=\"Blueride.se\" width=\"100\" height=\"42\" \/><\/a><\/h1>\n<\/td>\n<\/tr>\n<\/tbody>\n<\/table>\n","protected":false},"excerpt":{"rendered":"<p>795 kr\/st Ett ark med look av carbon. Arket \u00e4r stort och har en yta p\u00e5 115 x 155 cm, och \u00e4r framtaget speciellt f\u00f6r att appliceras p\u00e5 motorhuven. Men den fungerar \u00e4ven utm\u00e4rkt att f\u00e4sta p\u00e5 bagagen, takluckan, spoilern eller dela den i mindre bitar. Man kan klippa i folien med en vanlig sax [&hellip;]<\/p>\n","protected":false},"author":1,"featured_media":47078,"comment_status":"open","ping_status":"open","sticky":false,"template":"","format":"standard","meta":{"footnotes":""},"categories":[5344,1108,5323,5325,5324],"tags":[4597,4598,5425,5457,5576,5578,5577],"class_list":["post-23052","post","type-post","status-publish","format-standard","has-post-thumbnail","hentry","category-dekaler-styling-till-bilen","category-illusioner","category-styling-till-bilen","category-tillbehor-till-bilen","category-tuning-till-bilen","tag-as-mh-62554","tag-carbon-folie-115x155-cm","tag-bildedekaler","tag-illusioner","tag-styling-till-bilen","tag-tillbehor-till-bilen","tag-tuning-till-bilen"],"_links":{"self":[{"href":"https:\/\/www.reservdelar.nu\/bilstyling\/wp-json\/wp\/v2\/posts\/23052","targetHints":{"allow":["GET"]}}],"collection":[{"href":"https:\/\/www.reservdelar.nu\/bilstyling\/wp-json\/wp\/v2\/posts"}],"about":[{"href":"https:\/\/www.reservdelar.nu\/bilstyling\/wp-json\/wp\/v2\/types\/post"}],"author":[{"embeddable":true,"href":"https:\/\/www.reservdelar.nu\/bilstyling\/wp-json\/wp\/v2\/users\/1"}],"replies":[{"embeddable":true,"href":"https:\/\/www.reservdelar.nu\/bilstyling\/wp-json\/wp\/v2\/comments?post=23052"}],"version-history":[{"count":0,"href":"https:\/\/www.reservdelar.nu\/bilstyling\/wp-json\/wp\/v2\/posts\/23052\/revisions"}],"wp:featuredmedia":[{"embeddable":true,"href":"https:\/\/www.reservdelar.nu\/bilstyling\/wp-json\/wp\/v2\/media\/47078"}],"wp:attachment":[{"href":"https:\/\/www.reservdelar.nu\/bilstyling\/wp-json\/wp\/v2\/media?parent=23052"}],"wp:term":[{"taxonomy":"category","embeddable":true,"href":"https:\/\/www.reservdelar.nu\/bilstyling\/wp-json\/wp\/v2\/categories?post=23052"},{"taxonomy":"post_tag","embeddable":true,"href":"https:\/\/www.reservdelar.nu\/bilstyling\/wp-json\/wp\/v2\/tags?post=23052"}],"curies":[{"name":"wp","href":"https:\/\/api.w.org\/{rel}","templated":true}]}}