{"id":22708,"date":"2013-08-11T09:19:06","date_gmt":"2013-08-11T07:19:06","guid":{"rendered":"http:\/\/www.reservdelar.nu\/bilstyling\/tarningar-klassiska-mini-2\/"},"modified":"2014-04-22T17:45:00","modified_gmt":"2014-04-22T15:45:00","slug":"tarningar-klassiska-mini","status":"publish","type":"post","link":"https:\/\/www.reservdelar.nu\/bilstyling\/tarningar-klassiska-mini\/","title":{"rendered":"T\u00e4rningar Klassiska Mini"},"content":{"rendered":"<table style=\"width: 700px; height: 100px;\" border=\"1\">\n<tbody>\n<tr>\n<td><a href=\"http:\/\/www.blueride.se\/tarningar-klassiska-mini-p-2857.html\" target=\"_blank\" rel=\"nofollow\"><img loading=\"lazy\" decoding=\"async\" class=\"aligncenter\" title=\"T\u00e4rningar Klassiska Mini \" src=\"http:\/\/www.blueride.se\/images\/ob_62_6050_tarningar_mini.jpg\" alt=\"K\u00f6p T\u00e4rningar Klassiska Mini Billigt Online\" width=\"100\" height=\"100\" \/><\/a><\/td>\n<td style=\"text-align: center;\">\n<h1><a href=\"http:\/\/www.blueride.se\/tarningar-klassiska-mini-p-2857.html\" target=\"_blank\" rel=\"nofollow\"><img loading=\"lazy\" decoding=\"async\" title=\"K\u00f6p T\u00e4rningar Klassiska Mini hos Blueride.se\" src=\"https:\/\/www.reservdelar.nu\/bilstyling\/wp-content\/uploads\/2012\/08\/blueride.png\" alt=\"Blueride.se\" width=\"100\" height=\"42\" \/><\/a><\/h1>\n<\/td>\n<td style=\"text-align: center;\">\n<h2><strong>19 <\/strong>kr\/st<\/h2>\n<\/td>\n<td style=\"text-align: center;\"><a href=\"http:\/\/www.blueride.se\/tarningar-klassiska-mini-p-2857.html\" target=\"_blank\" rel=\"nofollow\"><img loading=\"lazy\" decoding=\"async\" title=\"K\u00f6p T\u00e4rningar Klassiska Mini nu hos Blueride.se\" src=\"https:\/\/www.reservdelar.nu\/bilstyling\/wp-content\/uploads\/2014\/03\/kop-nu.png\" alt=\"Blueride.se\" width=\"100\" height=\"42\" \/><\/a><\/td>\n<\/tr>\n<\/tbody>\n<\/table>\n<p>De klassiska t\u00e4rningarna i ett mindre format. Tv\u00e5 st mjuka t\u00e4rningar som sitter samman med ett sn\u00f6re, s\u00e5 du enkelt kan h\u00e4nga dem i backspegeln eller p\u00e5 n\u00e5got annat st\u00e4lle.    Du kan \u00e4ven f\u00e4sta dem i rutan sugproppen som medf\u00f6ljer.     Finns i sex olika f\u00e4rger    Storlek: ca 3,8 x 3,8 mm. <span style=\"color: #0000ff;\"><strong><a title=\"L\u00c4S MER\" href=\"http:\/\/www.blueride.se\/tarningar-klassiska-mini-p-2857.html\" target=\"_blank\" rel=\"nofollow\"><span style=\"color: #0000ff;\">L\u00c4S MER<\/span><\/a><\/strong><\/span><\/p>\n<p><span style=\"color: #0000ff;\"><strong>T\u00e4rningar Klassiska Mini<img loading=\"lazy\" decoding=\"async\" class=\"alignright\" title=\"T\u00e4rningar Klassiska Mini \" src=\"http:\/\/www.blueride.se\/images\/ob_62_6050_tarningar_mini.jpg\" alt=\"K\u00f6p T\u00e4rningar Klassiska Mini Billigt Online\" width=\"250\" height=\"250\" \/><\/strong><\/span><\/p>\n<table style=\"width: 274px;\" border=\"1\">\n<tbody>\n<tr>\n<td><strong><strong>Artikel id\/nr:<\/strong><\/strong><\/td>\n<td style=\"text-align: left;\">ob-62-6050<\/td>\n<\/tr>\n<tr>\n<td><strong>Kategori:<\/strong><\/td>\n<td style=\"text-align: left;\">Styling till bilen<\/td>\n<\/tr>\n<tr>\n<td><\/td>\n<td style=\"text-align: left;\">Tuning till bilen<\/td>\n<\/tr>\n<tr>\n<td><\/td>\n<td style=\"text-align: left;\">Tillbeh\u00f6r till bilen<\/td>\n<\/tr>\n<tr>\n<td><strong><strong>Typ:<\/strong><\/strong><\/td>\n<td style=\"text-align: left;\">Interi\u00f6r<\/td>\n<\/tr>\n<tr>\n<td><\/td>\n<td style=\"text-align: left;\">Bilmaskot<\/td>\n<\/tr>\n<tr>\n<td><\/td>\n<td style=\"text-align: left;\"><\/td>\n<\/tr>\n<tr>\n<td><strong>I lager<\/strong><strong>:<\/strong><\/td>\n<td style=\"text-align: left;\">yes<\/td>\n<\/tr>\n<tr>\n<td><strong>Fraktkostnad:<\/strong><\/td>\n<td style=\"text-align: left;\">49 kr<\/td>\n<\/tr>\n<tr>\n<td><strong>Leveranstid:<\/strong><\/td>\n<td style=\"text-align: left;\">49 dagar<\/td>\n<\/tr>\n<tr>\n<td><\/td>\n<td style=\"text-align: left;\"><\/td>\n<\/tr>\n<tr>\n<td><strong><strong>Pris:<\/strong><\/strong><\/td>\n<td style=\"text-align: left;\"><span style=\"color: #0000ff;\"><strong>19 kr\/st<\/strong><\/span><\/td>\n<\/tr>\n<tr>\n<td><\/td>\n<td style=\"text-align: left;\"><\/td>\n<\/tr>\n<tr>\n<td><a href=\"http:\/\/www.blueride.se\/tarningar-klassiska-mini-p-2857.html\" target=\"_blank\" rel=\"nofollow\"><img loading=\"lazy\" decoding=\"async\" title=\"K\u00f6p T\u00e4rningar Klassiska Mini hos Blueride.se\" src=\"https:\/\/www.reservdelar.nu\/bilstyling\/wp-content\/uploads\/2012\/08\/blueride.png\" alt=\"Blueride.se\" width=\"100\" height=\"42\" \/><\/a><\/td>\n<td style=\"text-align: center;\">\n<h1><a href=\"http:\/\/www.blueride.se\/tarningar-klassiska-mini-p-2857.html\" target=\"_blank\" rel=\"nofollow\"><img loading=\"lazy\" decoding=\"async\" title=\"K\u00f6p T\u00e4rningar Klassiska Mini nu hos Blueride.se\" src=\"https:\/\/www.reservdelar.nu\/bilstyling\/wp-content\/uploads\/2014\/03\/kop-nu.png\" alt=\"Blueride.se\" width=\"100\" height=\"42\" \/><\/a><\/h1>\n<\/td>\n<\/tr>\n<\/tbody>\n<\/table>\n","protected":false},"excerpt":{"rendered":"<p>19 kr\/st De klassiska t\u00e4rningarna i ett mindre format. Tv\u00e5 st mjuka t\u00e4rningar som sitter samman med ett sn\u00f6re, s\u00e5 du enkelt kan h\u00e4nga dem i backspegeln eller p\u00e5 n\u00e5got annat st\u00e4lle. Du kan \u00e4ven f\u00e4sta dem i rutan sugproppen som medf\u00f6ljer. Finns i sex olika f\u00e4rger Storlek: ca 3,8 x 3,8 mm. L\u00c4S MER [&hellip;]<\/p>\n","protected":false},"author":1,"featured_media":47240,"comment_status":"open","ping_status":"open","sticky":false,"template":"","format":"standard","meta":{"footnotes":""},"categories":[5377,5341,5323,5325,5324],"tags":[5573,5451,3460,5576,3469,5578,5577],"class_list":["post-22708","post","type-post","status-publish","format-standard","has-post-thumbnail","hentry","category-bilmaskot-interior-styling-till-bilen","category-interior-styling-till-bilen","category-styling-till-bilen","category-tillbehor-till-bilen","category-tuning-till-bilen","tag-bilmaskot","tag-interior","tag-ob-62-6050","tag-styling-till-bilen","tag-tarningar-klassiska-mini","tag-tillbehor-till-bilen","tag-tuning-till-bilen"],"_links":{"self":[{"href":"https:\/\/www.reservdelar.nu\/bilstyling\/wp-json\/wp\/v2\/posts\/22708","targetHints":{"allow":["GET"]}}],"collection":[{"href":"https:\/\/www.reservdelar.nu\/bilstyling\/wp-json\/wp\/v2\/posts"}],"about":[{"href":"https:\/\/www.reservdelar.nu\/bilstyling\/wp-json\/wp\/v2\/types\/post"}],"author":[{"embeddable":true,"href":"https:\/\/www.reservdelar.nu\/bilstyling\/wp-json\/wp\/v2\/users\/1"}],"replies":[{"embeddable":true,"href":"https:\/\/www.reservdelar.nu\/bilstyling\/wp-json\/wp\/v2\/comments?post=22708"}],"version-history":[{"count":0,"href":"https:\/\/www.reservdelar.nu\/bilstyling\/wp-json\/wp\/v2\/posts\/22708\/revisions"}],"wp:featuredmedia":[{"embeddable":true,"href":"https:\/\/www.reservdelar.nu\/bilstyling\/wp-json\/wp\/v2\/media\/47240"}],"wp:attachment":[{"href":"https:\/\/www.reservdelar.nu\/bilstyling\/wp-json\/wp\/v2\/media?parent=22708"}],"wp:term":[{"taxonomy":"category","embeddable":true,"href":"https:\/\/www.reservdelar.nu\/bilstyling\/wp-json\/wp\/v2\/categories?post=22708"},{"taxonomy":"post_tag","embeddable":true,"href":"https:\/\/www.reservdelar.nu\/bilstyling\/wp-json\/wp\/v2\/tags?post=22708"}],"curies":[{"name":"wp","href":"https:\/\/api.w.org\/{rel}","templated":true}]}}