{"id":22462,"date":"2013-11-05T14:45:41","date_gmt":"2013-11-05T13:45:41","guid":{"rendered":"http:\/\/www.reservdelar.nu\/bilstyling\/led-emblem-4x4\/"},"modified":"2014-04-22T17:41:59","modified_gmt":"2014-04-22T15:41:59","slug":"led-emblem-4x4","status":"publish","type":"post","link":"https:\/\/www.reservdelar.nu\/bilstyling\/led-emblem-4x4\/","title":{"rendered":"LED Emblem &#8211; 4&#215;4"},"content":{"rendered":"<table style=\"width: 700px; height: 100px;\" border=\"1\">\n<tbody>\n<tr>\n<td><a href=\"http:\/\/www.blueride.se\/led-emblem-4x4-p-3094.html\" target=\"_blank\" rel=\"nofollow\"><img loading=\"lazy\" decoding=\"async\" class=\"aligncenter\" title=\"LED Emblem - 4x4 \" src=\"http:\/\/www.blueride.se\/images\/bl_50555_led_4x4_2.jpg\" alt=\"K\u00f6p LED Emblem - 4x4 Billigt Online\" width=\"100\" height=\"100\" \/><\/a><\/td>\n<td style=\"text-align: center;\">\n<h1><a href=\"http:\/\/www.blueride.se\/led-emblem-4x4-p-3094.html\" target=\"_blank\" rel=\"nofollow\"><img loading=\"lazy\" decoding=\"async\" title=\"K\u00f6p LED Emblem - 4x4 hos Blueride.se\" src=\"https:\/\/www.reservdelar.nu\/bilstyling\/wp-content\/uploads\/2012\/08\/blueride.png\" alt=\"Blueride.se\" width=\"100\" height=\"42\" \/><\/a><\/h1>\n<\/td>\n<td style=\"text-align: center;\">\n<h2><strong>59 <\/strong>kr\/st<\/h2>\n<\/td>\n<td style=\"text-align: center;\"><a href=\"http:\/\/www.blueride.se\/led-emblem-4x4-p-3094.html\" target=\"_blank\" rel=\"nofollow\"><img loading=\"lazy\" decoding=\"async\" title=\"K\u00f6p LED Emblem - 4x4 nu hos Blueride.se\" src=\"https:\/\/www.reservdelar.nu\/bilstyling\/wp-content\/uploads\/2014\/03\/kop-nu.png\" alt=\"Blueride.se\" width=\"100\" height=\"42\" \/><\/a><\/td>\n<\/tr>\n<\/tbody>\n<\/table>\n<p>Emblem i flexibel plast med 21 st LED-dioder. Kopplas till fordonets str\u00f6mk\u00e4lla via ciggpluggen som medf\u00f6ljer.   Det g\u00e5r \u00e4ven att koppla den direkt till str\u00f6mk\u00e4llan p\u00e5 bilen eller fordonet. F\u00e4sts med dubbelh\u00e4ftande tejp som medf\u00f6ljer.    Storlek: 79 x 25 x 2 mm. (bredd x h\u00f6jd x tjocklek).    Kabell\u00e4ngd: ca 130 cm.    Lyser med bl\u00e5tt ljus.    F\u00f6r 12 volt. <span style=\"color: #0000ff;\"><strong><a title=\"L\u00c4S MER\" href=\"http:\/\/www.blueride.se\/led-emblem-4x4-p-3094.html\" target=\"_blank\" rel=\"nofollow\"><span style=\"color: #0000ff;\">L\u00c4S MER<\/span><\/a><\/strong><\/span><\/p>\n<p><span style=\"color: #0000ff;\"><strong>LED Emblem &#8211; 4&#215;4<img loading=\"lazy\" decoding=\"async\" class=\"alignright\" title=\"LED Emblem - 4x4 \" src=\"http:\/\/www.blueride.se\/images\/bl_50555_led_4x4_2.jpg\" alt=\"K\u00f6p LED Emblem - 4x4 Billigt Online\" width=\"250\" height=\"250\" \/><\/strong><\/span><\/p>\n<table style=\"width: 274px;\" border=\"1\">\n<tbody>\n<tr>\n<td><strong><strong>Artikel id\/nr:<\/strong><\/strong><\/td>\n<td style=\"text-align: left;\">bl-50555<\/td>\n<\/tr>\n<tr>\n<td><strong>Kategori:<\/strong><\/td>\n<td style=\"text-align: left;\">Styling till bilen<\/td>\n<\/tr>\n<tr>\n<td><\/td>\n<td style=\"text-align: left;\">Tuning till bilen<\/td>\n<\/tr>\n<tr>\n<td><\/td>\n<td style=\"text-align: left;\">Tillbeh\u00f6r till bilen<\/td>\n<\/tr>\n<tr>\n<td><strong><strong>Typ:<\/strong><\/strong><\/td>\n<td style=\"text-align: left;\">Belysning, LED &#038; Neon<\/td>\n<\/tr>\n<tr>\n<td><\/td>\n<td style=\"text-align: left;\">Innre<\/td>\n<\/tr>\n<tr>\n<td><\/td>\n<td style=\"text-align: left;\"><\/td>\n<\/tr>\n<tr>\n<td><strong>I lager<\/strong><strong>:<\/strong><\/td>\n<td style=\"text-align: left;\">yes<\/td>\n<\/tr>\n<tr>\n<td><strong>Fraktkostnad:<\/strong><\/td>\n<td style=\"text-align: left;\">49 kr<\/td>\n<\/tr>\n<tr>\n<td><strong>Leveranstid:<\/strong><\/td>\n<td style=\"text-align: left;\">49 dagar<\/td>\n<\/tr>\n<tr>\n<td><\/td>\n<td style=\"text-align: left;\"><\/td>\n<\/tr>\n<tr>\n<td><strong><strong>Pris:<\/strong><\/strong><\/td>\n<td style=\"text-align: left;\"><span style=\"color: #0000ff;\"><strong>59 kr\/st<\/strong><\/span><\/td>\n<\/tr>\n<tr>\n<td><\/td>\n<td style=\"text-align: left;\"><\/td>\n<\/tr>\n<tr>\n<td><a href=\"http:\/\/www.blueride.se\/led-emblem-4x4-p-3094.html\" target=\"_blank\" rel=\"nofollow\"><img loading=\"lazy\" decoding=\"async\" title=\"K\u00f6p LED Emblem - 4x4 hos Blueride.se\" src=\"https:\/\/www.reservdelar.nu\/bilstyling\/wp-content\/uploads\/2012\/08\/blueride.png\" alt=\"Blueride.se\" width=\"100\" height=\"42\" \/><\/a><\/td>\n<td style=\"text-align: center;\">\n<h1><a href=\"http:\/\/www.blueride.se\/led-emblem-4x4-p-3094.html\" target=\"_blank\" rel=\"nofollow\"><img loading=\"lazy\" decoding=\"async\" title=\"K\u00f6p LED Emblem - 4x4 nu hos Blueride.se\" src=\"https:\/\/www.reservdelar.nu\/bilstyling\/wp-content\/uploads\/2014\/03\/kop-nu.png\" alt=\"Blueride.se\" width=\"100\" height=\"42\" \/><\/a><\/h1>\n<\/td>\n<\/tr>\n<\/tbody>\n<\/table>\n","protected":false},"excerpt":{"rendered":"<p>59 kr\/st Emblem i flexibel plast med 21 st LED-dioder. Kopplas till fordonets str\u00f6mk\u00e4lla via ciggpluggen som medf\u00f6ljer. Det g\u00e5r \u00e4ven att koppla den direkt till str\u00f6mk\u00e4llan p\u00e5 bilen eller fordonet. F\u00e4sts med dubbelh\u00e4ftande tejp som medf\u00f6ljer. Storlek: 79 x 25 x 2 mm. (bredd x h\u00f6jd x tjocklek). Kabell\u00e4ngd: ca 130 cm. Lyser med [&hellip;]<\/p>\n","protected":false},"author":1,"featured_media":46924,"comment_status":"open","ping_status":"open","sticky":false,"template":"","format":"standard","meta":{"footnotes":""},"categories":[5346,5348,5347,5323,5325,5324],"tags":[5454,4524,5562,5561,4525,5576,5578,5577],"class_list":["post-22462","post","type-post","status-publish","format-standard","has-post-thumbnail","hentry","category-belysning-styling-till-bilen","category-innre-led-neon-styling-till-bilen-styling-till-bilen","category-led-neon-styling-till-bilen-styling-till-bilen","category-styling-till-bilen","category-tillbehor-till-bilen","category-tuning-till-bilen","tag-belysning","tag-bl-50555","tag-innre","tag-led-neon","tag-led-emblem-4x4","tag-styling-till-bilen","tag-tillbehor-till-bilen","tag-tuning-till-bilen"],"_links":{"self":[{"href":"https:\/\/www.reservdelar.nu\/bilstyling\/wp-json\/wp\/v2\/posts\/22462","targetHints":{"allow":["GET"]}}],"collection":[{"href":"https:\/\/www.reservdelar.nu\/bilstyling\/wp-json\/wp\/v2\/posts"}],"about":[{"href":"https:\/\/www.reservdelar.nu\/bilstyling\/wp-json\/wp\/v2\/types\/post"}],"author":[{"embeddable":true,"href":"https:\/\/www.reservdelar.nu\/bilstyling\/wp-json\/wp\/v2\/users\/1"}],"replies":[{"embeddable":true,"href":"https:\/\/www.reservdelar.nu\/bilstyling\/wp-json\/wp\/v2\/comments?post=22462"}],"version-history":[{"count":0,"href":"https:\/\/www.reservdelar.nu\/bilstyling\/wp-json\/wp\/v2\/posts\/22462\/revisions"}],"wp:featuredmedia":[{"embeddable":true,"href":"https:\/\/www.reservdelar.nu\/bilstyling\/wp-json\/wp\/v2\/media\/46924"}],"wp:attachment":[{"href":"https:\/\/www.reservdelar.nu\/bilstyling\/wp-json\/wp\/v2\/media?parent=22462"}],"wp:term":[{"taxonomy":"category","embeddable":true,"href":"https:\/\/www.reservdelar.nu\/bilstyling\/wp-json\/wp\/v2\/categories?post=22462"},{"taxonomy":"post_tag","embeddable":true,"href":"https:\/\/www.reservdelar.nu\/bilstyling\/wp-json\/wp\/v2\/tags?post=22462"}],"curies":[{"name":"wp","href":"https:\/\/api.w.org\/{rel}","templated":true}]}}