{"id":22400,"date":"2013-02-22T05:29:00","date_gmt":"2013-02-22T04:29:00","guid":{"rendered":"http:\/\/www.reservdelar.nu\/bilstyling\/flames-roda-stickers-2\/"},"modified":"2014-04-22T17:32:47","modified_gmt":"2014-04-22T15:32:47","slug":"flames-roda-stickers","status":"publish","type":"post","link":"https:\/\/www.reservdelar.nu\/bilstyling\/flames-roda-stickers\/","title":{"rendered":"Flames R\u00f6da &#8211; Stickers"},"content":{"rendered":"<table style=\"width: 700px; height: 100px;\" border=\"1\">\n<tbody>\n<tr>\n<td><a href=\"http:\/\/www.blueride.se\/flames-roda-stickers-p-596.html\" target=\"_blank\" rel=\"nofollow\"><img loading=\"lazy\" decoding=\"async\" class=\"aligncenter\" title=\"Flames R\u00f6da - Stickers \" src=\"http:\/\/www.blueride.se\/images\/flame_red_stickers.gif\" alt=\"K\u00f6p Flames R\u00f6da - Stickers Billigt Online\" width=\"100\" height=\"100\" \/><\/a><\/td>\n<td style=\"text-align: center;\">\n<h1><a href=\"http:\/\/www.blueride.se\/flames-roda-stickers-p-596.html\" target=\"_blank\" rel=\"nofollow\"><img loading=\"lazy\" decoding=\"async\" title=\"K\u00f6p Flames R\u00f6da - Stickers hos Blueride.se\" src=\"https:\/\/www.reservdelar.nu\/bilstyling\/wp-content\/uploads\/2012\/08\/blueride.png\" alt=\"Blueride.se\" width=\"100\" height=\"42\" \/><\/a><\/h1>\n<\/td>\n<td style=\"text-align: center;\">\n<h2><strong>29 <\/strong>kr\/st<\/h2>\n<\/td>\n<td style=\"text-align: center;\"><a href=\"http:\/\/www.blueride.se\/flames-roda-stickers-p-596.html\" target=\"_blank\" rel=\"nofollow\"><img loading=\"lazy\" decoding=\"async\" title=\"K\u00f6p Flames R\u00f6da - Stickers nu hos Blueride.se\" src=\"https:\/\/www.reservdelar.nu\/bilstyling\/wp-content\/uploads\/2014\/03\/kop-nu.png\" alt=\"Blueride.se\" width=\"100\" height=\"42\" \/><\/a><\/td>\n<\/tr>\n<\/tbody>\n<\/table>\n<p>Snygga stickers med eldflammor.     Du kan f\u00e4sta dem p\u00e5 bilen, hj\u00e4lmen, postl\u00e5dan, verktygsl\u00e5dan, motorcykeln, mopeden, cykeln, skyltar, b\u00e5tar m.m.    De \u00e4r av h\u00f6g kvalit\u00e9 och h\u00e5ller f\u00f6r h\u00e5rda v\u00e4derp\u00e5frestningar och \u00e4ven biltv\u00e4ttar.     Ursprungligen b\u00f6rjade dessa stickers tillverkas f\u00f6r Harley Davidson, det s\u00e4ger ganska mycket om kvaliten p\u00e5 dem.    Levereras i ett ark med 6 st stickers.    Det \u00e4r tre olika l\u00e4ngder p\u00e5 eldflammorna:    13,3 cm    7 cm    6,4 cm <span style=\"color: #0000ff;\"><strong><a title=\"L\u00c4S MER\" href=\"http:\/\/www.blueride.se\/flames-roda-stickers-p-596.html\" target=\"_blank\" rel=\"nofollow\"><span style=\"color: #0000ff;\">L\u00c4S MER<\/span><\/a><\/strong><\/span><\/p>\n<p><span style=\"color: #0000ff;\"><strong>Flames R\u00f6da &#8211; Stickers<img loading=\"lazy\" decoding=\"async\" class=\"alignright\" title=\"Flames R\u00f6da - Stickers \" src=\"http:\/\/www.blueride.se\/images\/flame_red_stickers.gif\" alt=\"K\u00f6p Flames R\u00f6da - Stickers Billigt Online\" width=\"250\" height=\"250\" \/><\/strong><\/span><\/p>\n<table style=\"width: 274px;\" border=\"1\">\n<tbody>\n<tr>\n<td><strong><strong>Artikel id\/nr:<\/strong><\/strong><\/td>\n<td style=\"text-align: left;\">hd-008<\/td>\n<\/tr>\n<tr>\n<td><strong>Kategori:<\/strong><\/td>\n<td style=\"text-align: left;\">Styling till bilen<\/td>\n<\/tr>\n<tr>\n<td><\/td>\n<td style=\"text-align: left;\">Tuning till bilen<\/td>\n<\/tr>\n<tr>\n<td><\/td>\n<td style=\"text-align: left;\">Tillbeh\u00f6r till bilen<\/td>\n<\/tr>\n<tr>\n<td><strong><strong>Typ:<\/strong><\/strong><\/td>\n<td style=\"text-align: left;\">Dekaler<\/td>\n<\/tr>\n<tr>\n<td><\/td>\n<td style=\"text-align: left;\"><\/td>\n<\/tr>\n<tr>\n<td><\/td>\n<td style=\"text-align: left;\"><\/td>\n<\/tr>\n<tr>\n<td><strong>I lager<\/strong><strong>:<\/strong><\/td>\n<td style=\"text-align: left;\">yes<\/td>\n<\/tr>\n<tr>\n<td><strong>Fraktkostnad:<\/strong><\/td>\n<td style=\"text-align: left;\">49 kr<\/td>\n<\/tr>\n<tr>\n<td><strong>Leveranstid:<\/strong><\/td>\n<td style=\"text-align: left;\">49 dagar<\/td>\n<\/tr>\n<tr>\n<td><\/td>\n<td style=\"text-align: left;\"><\/td>\n<\/tr>\n<tr>\n<td><strong><strong>Pris:<\/strong><\/strong><\/td>\n<td style=\"text-align: left;\"><span style=\"color: #0000ff;\"><strong>29 kr\/st<\/strong><\/span><\/td>\n<\/tr>\n<tr>\n<td><\/td>\n<td style=\"text-align: left;\"><\/td>\n<\/tr>\n<tr>\n<td><a href=\"http:\/\/www.blueride.se\/flames-roda-stickers-p-596.html\" target=\"_blank\" rel=\"nofollow\"><img loading=\"lazy\" decoding=\"async\" title=\"K\u00f6p Flames R\u00f6da - Stickers hos Blueride.se\" src=\"https:\/\/www.reservdelar.nu\/bilstyling\/wp-content\/uploads\/2012\/08\/blueride.png\" alt=\"Blueride.se\" width=\"100\" height=\"42\" \/><\/a><\/td>\n<td style=\"text-align: center;\">\n<h1><a href=\"http:\/\/www.blueride.se\/flames-roda-stickers-p-596.html\" target=\"_blank\" rel=\"nofollow\"><img loading=\"lazy\" decoding=\"async\" title=\"K\u00f6p Flames R\u00f6da - Stickers nu hos Blueride.se\" src=\"https:\/\/www.reservdelar.nu\/bilstyling\/wp-content\/uploads\/2014\/03\/kop-nu.png\" alt=\"Blueride.se\" width=\"100\" height=\"42\" \/><\/a><\/h1>\n<\/td>\n<\/tr>\n<\/tbody>\n<\/table>\n","protected":false},"excerpt":{"rendered":"<p>29 kr\/st Snygga stickers med eldflammor. Du kan f\u00e4sta dem p\u00e5 bilen, hj\u00e4lmen, postl\u00e5dan, verktygsl\u00e5dan, motorcykeln, mopeden, cykeln, skyltar, b\u00e5tar m.m. De \u00e4r av h\u00f6g kvalit\u00e9 och h\u00e5ller f\u00f6r h\u00e5rda v\u00e4derp\u00e5frestningar och \u00e4ven biltv\u00e4ttar. Ursprungligen b\u00f6rjade dessa stickers tillverkas f\u00f6r Harley Davidson, det s\u00e4ger ganska mycket om kvaliten p\u00e5 dem. Levereras i ett ark med [&hellip;]<\/p>\n","protected":false},"author":1,"featured_media":45926,"comment_status":"open","ping_status":"open","sticky":false,"template":"","format":"standard","meta":{"footnotes":""},"categories":[5344,5323,5325,5324],"tags":[5425,1505,1496,5576,5578,5577],"class_list":["post-22400","post","type-post","status-publish","format-standard","has-post-thumbnail","hentry","category-dekaler-styling-till-bilen","category-styling-till-bilen","category-tillbehor-till-bilen","category-tuning-till-bilen","tag-bildedekaler","tag-flames-roda-stickers","tag-hd-008","tag-styling-till-bilen","tag-tillbehor-till-bilen","tag-tuning-till-bilen"],"_links":{"self":[{"href":"https:\/\/www.reservdelar.nu\/bilstyling\/wp-json\/wp\/v2\/posts\/22400","targetHints":{"allow":["GET"]}}],"collection":[{"href":"https:\/\/www.reservdelar.nu\/bilstyling\/wp-json\/wp\/v2\/posts"}],"about":[{"href":"https:\/\/www.reservdelar.nu\/bilstyling\/wp-json\/wp\/v2\/types\/post"}],"author":[{"embeddable":true,"href":"https:\/\/www.reservdelar.nu\/bilstyling\/wp-json\/wp\/v2\/users\/1"}],"replies":[{"embeddable":true,"href":"https:\/\/www.reservdelar.nu\/bilstyling\/wp-json\/wp\/v2\/comments?post=22400"}],"version-history":[{"count":0,"href":"https:\/\/www.reservdelar.nu\/bilstyling\/wp-json\/wp\/v2\/posts\/22400\/revisions"}],"wp:featuredmedia":[{"embeddable":true,"href":"https:\/\/www.reservdelar.nu\/bilstyling\/wp-json\/wp\/v2\/media\/45926"}],"wp:attachment":[{"href":"https:\/\/www.reservdelar.nu\/bilstyling\/wp-json\/wp\/v2\/media?parent=22400"}],"wp:term":[{"taxonomy":"category","embeddable":true,"href":"https:\/\/www.reservdelar.nu\/bilstyling\/wp-json\/wp\/v2\/categories?post=22400"},{"taxonomy":"post_tag","embeddable":true,"href":"https:\/\/www.reservdelar.nu\/bilstyling\/wp-json\/wp\/v2\/tags?post=22400"}],"curies":[{"name":"wp","href":"https:\/\/api.w.org\/{rel}","templated":true}]}}