{"id":21374,"date":"2013-12-18T12:47:33","date_gmt":"2013-12-18T11:47:33","guid":{"rendered":"http:\/\/www.reservdelar.nu\/bilstyling\/skarvklamma-stromtjuv-2\/"},"modified":"2014-04-22T17:25:19","modified_gmt":"2014-04-22T15:25:19","slug":"skarvklamma-stromtjuv","status":"publish","type":"post","link":"https:\/\/www.reservdelar.nu\/bilstyling\/skarvklamma-stromtjuv\/","title":{"rendered":"Skarvkl\u00e4mma &#8211; Str\u00f6mtjuv"},"content":{"rendered":"<table style=\"width: 700px; height: 100px;\" border=\"1\">\n<tbody>\n<tr>\n<td><a href=\"http:\/\/www.blueride.se\/skarvklamma-stromtjuv-p-1249.html\" target=\"_blank\" rel=\"nofollow\"><img loading=\"lazy\" decoding=\"async\" class=\"aligncenter\" title=\"Skarvkl\u00e4mma - Str\u00f6mtjuv \" src=\"http:\/\/www.blueride.se\/images\/bl_12366_stromtjuv_bl.jpg\" alt=\"K\u00f6p Skarvkl\u00e4mma - Str\u00f6mtjuv Billigt Online\" width=\"100\" height=\"100\" \/><\/a><\/td>\n<td style=\"text-align: center;\">\n<h1><a href=\"http:\/\/www.blueride.se\/skarvklamma-stromtjuv-p-1249.html\" target=\"_blank\" rel=\"nofollow\"><img loading=\"lazy\" decoding=\"async\" title=\"K\u00f6p Skarvkl\u00e4mma - Str\u00f6mtjuv hos Blueride.se\" src=\"https:\/\/www.reservdelar.nu\/bilstyling\/wp-content\/uploads\/2012\/08\/blueride.png\" alt=\"Blueride.se\" width=\"100\" height=\"42\" \/><\/a><\/h1>\n<\/td>\n<td style=\"text-align: center;\">\n<h2><strong>8 <\/strong>kr\/st<\/h2>\n<\/td>\n<td style=\"text-align: center;\"><a href=\"http:\/\/www.blueride.se\/skarvklamma-stromtjuv-p-1249.html\" target=\"_blank\" rel=\"nofollow\"><img loading=\"lazy\" decoding=\"async\" title=\"K\u00f6p Skarvkl\u00e4mma - Str\u00f6mtjuv nu hos Blueride.se\" src=\"https:\/\/www.reservdelar.nu\/bilstyling\/wp-content\/uploads\/2014\/03\/kop-nu.png\" alt=\"Blueride.se\" width=\"100\" height=\"42\" \/><\/a><\/td>\n<\/tr>\n<\/tbody>\n<\/table>\n<p>En f\u00f6rpackning med 5 st skarvkl\u00e4mmor, \u00e4ven kallat str\u00f6mtjuv.     F\u00f6r snabb och enkel inkoppling mitt p\u00e5 en kabel. Skalar av isoleringen och ger korrekt elektrisk f\u00f6rbindelse i ett enda moment.    Skarvkl\u00e4mmorna \u00e4r f\u00f6r kabel mellan 0,75 &#8211; 2,5 mm\u00b2 <span style=\"color: #0000ff;\"><strong><a title=\"L\u00c4S MER\" href=\"http:\/\/www.blueride.se\/skarvklamma-stromtjuv-p-1249.html\" target=\"_blank\" rel=\"nofollow\"><span style=\"color: #0000ff;\">L\u00c4S MER<\/span><\/a><\/strong><\/span><\/p>\n<p><span style=\"color: #0000ff;\"><strong>Skarvkl\u00e4mma &#8211; Str\u00f6mtjuv<img loading=\"lazy\" decoding=\"async\" class=\"alignright\" title=\"Skarvkl\u00e4mma - Str\u00f6mtjuv \" src=\"http:\/\/www.blueride.se\/images\/bl_12366_stromtjuv_bl.jpg\" alt=\"K\u00f6p Skarvkl\u00e4mma - Str\u00f6mtjuv Billigt Online\" width=\"250\" height=\"250\" \/><\/strong><\/span><\/p>\n<table style=\"width: 274px;\" border=\"1\">\n<tbody>\n<tr>\n<td><strong><strong>Artikel id\/nr:<\/strong><\/strong><\/td>\n<td style=\"text-align: left;\">bl-12366<\/td>\n<\/tr>\n<tr>\n<td><strong>Kategori:<\/strong><\/td>\n<td style=\"text-align: left;\">Styling till MC &#038; moped<\/td>\n<\/tr>\n<tr>\n<td><\/td>\n<td style=\"text-align: left;\">Tuning till MC &#038; moped<\/td>\n<\/tr>\n<tr>\n<td><\/td>\n<td style=\"text-align: left;\">Tillbeh\u00f6r till MC &#038; moped<\/td>\n<\/tr>\n<tr>\n<td><strong><strong>Typ:<\/strong><\/strong><\/td>\n<td style=\"text-align: left;\">El och Elektronik-tbh<\/td>\n<\/tr>\n<tr>\n<td><\/td>\n<td style=\"text-align: left;\"><\/td>\n<\/tr>\n<tr>\n<td><\/td>\n<td style=\"text-align: left;\"><\/td>\n<\/tr>\n<tr>\n<td><strong>I lager<\/strong><strong>:<\/strong><\/td>\n<td style=\"text-align: left;\">yes<\/td>\n<\/tr>\n<tr>\n<td><strong>Fraktkostnad:<\/strong><\/td>\n<td style=\"text-align: left;\">49 kr<\/td>\n<\/tr>\n<tr>\n<td><strong>Leveranstid:<\/strong><\/td>\n<td style=\"text-align: left;\">49 dagar<\/td>\n<\/tr>\n<tr>\n<td><\/td>\n<td style=\"text-align: left;\"><\/td>\n<\/tr>\n<tr>\n<td><strong><strong>Pris:<\/strong><\/strong><\/td>\n<td style=\"text-align: left;\"><span style=\"color: #0000ff;\"><strong>8 kr\/st<\/strong><\/span><\/td>\n<\/tr>\n<tr>\n<td><\/td>\n<td style=\"text-align: left;\"><\/td>\n<\/tr>\n<tr>\n<td><a href=\"http:\/\/www.blueride.se\/skarvklamma-stromtjuv-p-1249.html\" target=\"_blank\" rel=\"nofollow\"><img loading=\"lazy\" decoding=\"async\" title=\"K\u00f6p Skarvkl\u00e4mma - Str\u00f6mtjuv hos Blueride.se\" src=\"https:\/\/www.reservdelar.nu\/bilstyling\/wp-content\/uploads\/2012\/08\/blueride.png\" alt=\"Blueride.se\" width=\"100\" height=\"42\" \/><\/a><\/td>\n<td style=\"text-align: center;\">\n<h1><a href=\"http:\/\/www.blueride.se\/skarvklamma-stromtjuv-p-1249.html\" target=\"_blank\" rel=\"nofollow\"><img loading=\"lazy\" decoding=\"async\" title=\"K\u00f6p Skarvkl\u00e4mma - Str\u00f6mtjuv nu hos Blueride.se\" src=\"https:\/\/www.reservdelar.nu\/bilstyling\/wp-content\/uploads\/2014\/03\/kop-nu.png\" alt=\"Blueride.se\" width=\"100\" height=\"42\" \/><\/a><\/h1>\n<\/td>\n<\/tr>\n<\/tbody>\n<\/table>\n","protected":false},"excerpt":{"rendered":"<p>8 kr\/st En f\u00f6rpackning med 5 st skarvkl\u00e4mmor, \u00e4ven kallat str\u00f6mtjuv. F\u00f6r snabb och enkel inkoppling mitt p\u00e5 en kabel. Skalar av isoleringen och ger korrekt elektrisk f\u00f6rbindelse i ett enda moment. Skarvkl\u00e4mmorna \u00e4r f\u00f6r kabel mellan 0,75 &#8211; 2,5 mm\u00b2 L\u00c4S MER Skarvkl\u00e4mma &#8211; Str\u00f6mtjuv Artikel id\/nr: bl-12366 Kategori: Styling till MC &#038; moped [&hellip;]<\/p>\n","protected":false},"author":1,"featured_media":45224,"comment_status":"open","ping_status":"open","sticky":false,"template":"","format":"standard","meta":{"footnotes":""},"categories":[5372,5329,5331,5330],"tags":[1312,5572,1321,5579,5581,5580],"class_list":["post-21374","post","type-post","status-publish","format-standard","has-post-thumbnail","hentry","category-el-och-elektronik-tbh-styling-till-mc-moped","category-styling-till-mc-moped","category-tillbehor-till-mc-moped","category-tuning-till-mc-moped","tag-bl-12366","tag-el-och-elektronik-tbh","tag-skarvklamma-stromtjuv","tag-styling-till-mc-moped","tag-tillbehor-till-mc-moped","tag-tuning-till-mc-moped"],"_links":{"self":[{"href":"https:\/\/www.reservdelar.nu\/bilstyling\/wp-json\/wp\/v2\/posts\/21374","targetHints":{"allow":["GET"]}}],"collection":[{"href":"https:\/\/www.reservdelar.nu\/bilstyling\/wp-json\/wp\/v2\/posts"}],"about":[{"href":"https:\/\/www.reservdelar.nu\/bilstyling\/wp-json\/wp\/v2\/types\/post"}],"author":[{"embeddable":true,"href":"https:\/\/www.reservdelar.nu\/bilstyling\/wp-json\/wp\/v2\/users\/1"}],"replies":[{"embeddable":true,"href":"https:\/\/www.reservdelar.nu\/bilstyling\/wp-json\/wp\/v2\/comments?post=21374"}],"version-history":[{"count":0,"href":"https:\/\/www.reservdelar.nu\/bilstyling\/wp-json\/wp\/v2\/posts\/21374\/revisions"}],"wp:featuredmedia":[{"embeddable":true,"href":"https:\/\/www.reservdelar.nu\/bilstyling\/wp-json\/wp\/v2\/media\/45224"}],"wp:attachment":[{"href":"https:\/\/www.reservdelar.nu\/bilstyling\/wp-json\/wp\/v2\/media?parent=21374"}],"wp:term":[{"taxonomy":"category","embeddable":true,"href":"https:\/\/www.reservdelar.nu\/bilstyling\/wp-json\/wp\/v2\/categories?post=21374"},{"taxonomy":"post_tag","embeddable":true,"href":"https:\/\/www.reservdelar.nu\/bilstyling\/wp-json\/wp\/v2\/tags?post=21374"}],"curies":[{"name":"wp","href":"https:\/\/api.w.org\/{rel}","templated":true}]}}