{"id":21224,"date":"2012-07-18T20:28:35","date_gmt":"2012-07-18T18:28:35","guid":{"rendered":"http:\/\/www.reservdelar.nu\/bilstyling\/kylargrill-styling-square-ii-volvo-850-2\/"},"modified":"2014-04-22T17:45:31","modified_gmt":"2014-04-22T15:45:31","slug":"kylargrill-styling-square-ii-volvo-850","status":"publish","type":"post","link":"https:\/\/www.reservdelar.nu\/bilstyling\/kylargrill-styling-square-ii-volvo-850\/","title":{"rendered":"Kylargrill Styling Square II &#8211; Volvo 850"},"content":{"rendered":"<table style=\"width: 700px; height: 100px;\" border=\"1\">\n<tbody>\n<tr>\n<td><a href=\"http:\/\/www.blueride.se\/kylargrill-styling-square-volvo-850-p-2697.html\" target=\"_blank\" rel=\"nofollow\"><img loading=\"lazy\" decoding=\"async\" class=\"aligncenter\" title=\"Kylargrill Styling Square II - Volvo 850 \" src=\"http:\/\/www.blueride.se\/images\/82430100_grill.jpg\" alt=\"K\u00f6p Kylargrill Styling Square II - Volvo 850 Billigt Online\" width=\"100\" height=\"100\" \/><\/a><\/td>\n<td style=\"text-align: center;\">\n<h1><a href=\"http:\/\/www.blueride.se\/kylargrill-styling-square-volvo-850-p-2697.html\" target=\"_blank\" rel=\"nofollow\"><img loading=\"lazy\" decoding=\"async\" title=\"K\u00f6p Kylargrill Styling Square II - Volvo 850 hos Blueride.se\" src=\"https:\/\/www.reservdelar.nu\/bilstyling\/wp-content\/uploads\/2012\/08\/blueride.png\" alt=\"Blueride.se\" width=\"100\" height=\"42\" \/><\/a><\/h1>\n<\/td>\n<td style=\"text-align: center;\">\n<h2><strong>879 <\/strong>kr\/st<\/h2>\n<\/td>\n<td style=\"text-align: center;\"><a href=\"http:\/\/www.blueride.se\/kylargrill-styling-square-volvo-850-p-2697.html\" target=\"_blank\" rel=\"nofollow\"><img loading=\"lazy\" decoding=\"async\" title=\"K\u00f6p Kylargrill Styling Square II - Volvo 850 nu hos Blueride.se\" src=\"https:\/\/www.reservdelar.nu\/bilstyling\/wp-content\/uploads\/2014\/03\/kop-nu.png\" alt=\"Blueride.se\" width=\"100\" height=\"42\" \/><\/a><\/td>\n<\/tr>\n<\/tbody>\n<\/table>\n<p>Snygg och sportig grill med rutformat n\u00e4t.     Grillen har svart n\u00e4t och kromad ram.     Passar Volvo 850    \u00c5rsmodell: 1992-96 <span style=\"color: #0000ff;\"><strong><a title=\"L\u00c4S MER\" href=\"http:\/\/www.blueride.se\/kylargrill-styling-square-volvo-850-p-2697.html\" target=\"_blank\" rel=\"nofollow\"><span style=\"color: #0000ff;\">L\u00c4S MER<\/span><\/a><\/strong><\/span><\/p>\n<p><span style=\"color: #0000ff;\"><strong>Kylargrill Styling Square II &#8211; Volvo 850<img loading=\"lazy\" decoding=\"async\" class=\"alignright\" title=\"Kylargrill Styling Square II - Volvo 850 \" src=\"http:\/\/www.blueride.se\/images\/82430100_grill.jpg\" alt=\"K\u00f6p Kylargrill Styling Square II - Volvo 850 Billigt Online\" width=\"250\" height=\"250\" \/><\/strong><\/span><\/p>\n<table style=\"width: 274px;\" border=\"1\">\n<tbody>\n<tr>\n<td><strong><strong>Artikel id\/nr:<\/strong><\/strong><\/td>\n<td style=\"text-align: left;\">8243 0100<\/td>\n<\/tr>\n<tr>\n<td><strong>Kategori:<\/strong><\/td>\n<td style=\"text-align: left;\">Styling till bilen<\/td>\n<\/tr>\n<tr>\n<td><\/td>\n<td style=\"text-align: left;\">Tuning till bilen<\/td>\n<\/tr>\n<tr>\n<td><\/td>\n<td style=\"text-align: left;\">Tillbeh\u00f6r till bilen<\/td>\n<\/tr>\n<tr>\n<td><strong><strong>Typ:<\/strong><\/strong><\/td>\n<td style=\"text-align: left;\">Exteri\u00f6r<\/td>\n<\/tr>\n<tr>\n<td><\/td>\n<td style=\"text-align: left;\">Kylargrill<\/td>\n<\/tr>\n<tr>\n<td><\/td>\n<td style=\"text-align: left;\"><\/td>\n<\/tr>\n<tr>\n<td><strong>I lager<\/strong><strong>:<\/strong><\/td>\n<td style=\"text-align: left;\">yes<\/td>\n<\/tr>\n<tr>\n<td><strong>Fraktkostnad:<\/strong><\/td>\n<td style=\"text-align: left;\"> kr<\/td>\n<\/tr>\n<tr>\n<td><strong>Leveranstid:<\/strong><\/td>\n<td style=\"text-align: left;\"> dagar<\/td>\n<\/tr>\n<tr>\n<td><\/td>\n<td style=\"text-align: left;\"><\/td>\n<\/tr>\n<tr>\n<td><strong><strong>Pris:<\/strong><\/strong><\/td>\n<td style=\"text-align: left;\"><span style=\"color: #0000ff;\"><strong>879 kr\/st<\/strong><\/span><\/td>\n<\/tr>\n<tr>\n<td><\/td>\n<td style=\"text-align: left;\"><\/td>\n<\/tr>\n<tr>\n<td><a href=\"http:\/\/www.blueride.se\/kylargrill-styling-square-volvo-850-p-2697.html\" target=\"_blank\" rel=\"nofollow\"><img loading=\"lazy\" decoding=\"async\" title=\"K\u00f6p Kylargrill Styling Square II - Volvo 850 hos Blueride.se\" src=\"https:\/\/www.reservdelar.nu\/bilstyling\/wp-content\/uploads\/2012\/08\/blueride.png\" alt=\"Blueride.se\" width=\"100\" height=\"42\" \/><\/a><\/td>\n<td style=\"text-align: center;\">\n<h1><a href=\"http:\/\/www.blueride.se\/kylargrill-styling-square-volvo-850-p-2697.html\" target=\"_blank\" rel=\"nofollow\"><img loading=\"lazy\" decoding=\"async\" title=\"K\u00f6p Kylargrill Styling Square II - Volvo 850 nu hos Blueride.se\" src=\"https:\/\/www.reservdelar.nu\/bilstyling\/wp-content\/uploads\/2014\/03\/kop-nu.png\" alt=\"Blueride.se\" width=\"100\" height=\"42\" \/><\/a><\/h1>\n<\/td>\n<\/tr>\n<\/tbody>\n<\/table>\n","protected":false},"excerpt":{"rendered":"<p>879 kr\/st Snygg och sportig grill med rutformat n\u00e4t. Grillen har svart n\u00e4t och kromad ram. Passar Volvo 850 \u00c5rsmodell: 1992-96 L\u00c4S MER Kylargrill Styling Square II &#8211; Volvo 850 Artikel id\/nr: 8243 0100 Kategori: Styling till bilen Tuning till bilen Tillbeh\u00f6r till bilen Typ: Exteri\u00f6r Kylargrill I lager: yes Fraktkostnad: kr Leveranstid: dagar Pris: [&hellip;]<\/p>\n","protected":false},"author":1,"featured_media":47294,"comment_status":"open","ping_status":"open","sticky":false,"template":"","format":"standard","meta":{"footnotes":""},"categories":[5333,2881,5323,5325,5324],"tags":[2887,5415,5474,2897,5576,5578,5577],"class_list":["post-21224","post","type-post","status-publish","format-standard","has-post-thumbnail","hentry","category-exterior-styling-till-bilen","category-kylargrill","category-styling-till-bilen","category-tillbehor-till-bilen","category-tuning-till-bilen","tag-8243-0100","tag-exterior","tag-kylargrill","tag-kylargrill-styling-square-ii-volvo-850","tag-styling-till-bilen","tag-tillbehor-till-bilen","tag-tuning-till-bilen"],"_links":{"self":[{"href":"https:\/\/www.reservdelar.nu\/bilstyling\/wp-json\/wp\/v2\/posts\/21224","targetHints":{"allow":["GET"]}}],"collection":[{"href":"https:\/\/www.reservdelar.nu\/bilstyling\/wp-json\/wp\/v2\/posts"}],"about":[{"href":"https:\/\/www.reservdelar.nu\/bilstyling\/wp-json\/wp\/v2\/types\/post"}],"author":[{"embeddable":true,"href":"https:\/\/www.reservdelar.nu\/bilstyling\/wp-json\/wp\/v2\/users\/1"}],"replies":[{"embeddable":true,"href":"https:\/\/www.reservdelar.nu\/bilstyling\/wp-json\/wp\/v2\/comments?post=21224"}],"version-history":[{"count":0,"href":"https:\/\/www.reservdelar.nu\/bilstyling\/wp-json\/wp\/v2\/posts\/21224\/revisions"}],"wp:featuredmedia":[{"embeddable":true,"href":"https:\/\/www.reservdelar.nu\/bilstyling\/wp-json\/wp\/v2\/media\/47294"}],"wp:attachment":[{"href":"https:\/\/www.reservdelar.nu\/bilstyling\/wp-json\/wp\/v2\/media?parent=21224"}],"wp:term":[{"taxonomy":"category","embeddable":true,"href":"https:\/\/www.reservdelar.nu\/bilstyling\/wp-json\/wp\/v2\/categories?post=21224"},{"taxonomy":"post_tag","embeddable":true,"href":"https:\/\/www.reservdelar.nu\/bilstyling\/wp-json\/wp\/v2\/tags?post=21224"}],"curies":[{"name":"wp","href":"https:\/\/api.w.org\/{rel}","templated":true}]}}