{"id":21196,"date":"2013-10-16T05:53:56","date_gmt":"2013-10-16T03:53:56","guid":{"rendered":"http:\/\/www.reservdelar.nu\/bilstyling\/vindrute-dekor-med-fransar-bla-gul-2\/"},"modified":"2014-04-22T17:40:04","modified_gmt":"2014-04-22T15:40:04","slug":"vindrute-dekor-med-fransar-bla-gul","status":"publish","type":"post","link":"https:\/\/www.reservdelar.nu\/bilstyling\/vindrute-dekor-med-fransar-bla-gul\/","title":{"rendered":"Vindrute-Dekor med Fransar &#8211; Bl\u00e5-Gul"},"content":{"rendered":"<table style=\"width: 700px; height: 100px;\" border=\"1\">\n<tbody>\n<tr>\n<td><a href=\"http:\/\/www.blueride.se\/vindrute-dekor-med-fransar-bla-gul-p-2950.html\" target=\"_blank\" rel=\"nofollow\"><img loading=\"lazy\" decoding=\"async\" class=\"aligncenter\" title=\"Vindrute-Dekor med Fransar - Bl\u00e5-Gul \" src=\"http:\/\/www.blueride.se\/images\/bl_13021yb.jpg\" alt=\"K\u00f6p Vindrute-Dekor med Fransar - Bl\u00e5-Gul Billigt Online\" width=\"100\" height=\"100\" \/><\/a><\/td>\n<td style=\"text-align: center;\">\n<h1><a href=\"http:\/\/www.blueride.se\/vindrute-dekor-med-fransar-bla-gul-p-2950.html\" target=\"_blank\" rel=\"nofollow\"><img loading=\"lazy\" decoding=\"async\" title=\"K\u00f6p Vindrute-Dekor med Fransar - Bl\u00e5-Gul hos Blueride.se\" src=\"https:\/\/www.reservdelar.nu\/bilstyling\/wp-content\/uploads\/2012\/08\/blueride.png\" alt=\"Blueride.se\" width=\"100\" height=\"42\" \/><\/a><\/h1>\n<\/td>\n<td style=\"text-align: center;\">\n<h2><strong>39 <\/strong>kr\/st<\/h2>\n<\/td>\n<td style=\"text-align: center;\"><a href=\"http:\/\/www.blueride.se\/vindrute-dekor-med-fransar-bla-gul-p-2950.html\" target=\"_blank\" rel=\"nofollow\"><img loading=\"lazy\" decoding=\"async\" title=\"K\u00f6p Vindrute-Dekor med Fransar - Bl\u00e5-Gul nu hos Blueride.se\" src=\"https:\/\/www.reservdelar.nu\/bilstyling\/wp-content\/uploads\/2014\/03\/kop-nu.png\" alt=\"Blueride.se\" width=\"100\" height=\"42\" \/><\/a><\/td>\n<\/tr>\n<\/tbody>\n<\/table>\n<p>Dekor med fransar\/tofsar f\u00f6r vindrutan p\u00e5 lastbilen. Fransarna passar \u00e4ven utm\u00e4rkt i bilen, husvagnen, husbilen eller i b\u00e5ten.    Dekoren \u00e4r 2,5 meter l\u00e5ng och kan tex placeras i framrutan.     F\u00e4rg: Bl\u00e5 &#038; Gul    Storlek: 2,5 meter x 7,3 cm. <span style=\"color: #0000ff;\"><strong><a title=\"L\u00c4S MER\" href=\"http:\/\/www.blueride.se\/vindrute-dekor-med-fransar-bla-gul-p-2950.html\" target=\"_blank\" rel=\"nofollow\"><span style=\"color: #0000ff;\">L\u00c4S MER<\/span><\/a><\/strong><\/span><\/p>\n<p><span style=\"color: #0000ff;\"><strong>Vindrute-Dekor med Fransar &#8211; Bl\u00e5-Gul<img loading=\"lazy\" decoding=\"async\" class=\"alignright\" title=\"Vindrute-Dekor med Fransar - Bl\u00e5-Gul \" src=\"http:\/\/www.blueride.se\/images\/bl_13021yb.jpg\" alt=\"K\u00f6p Vindrute-Dekor med Fransar - Bl\u00e5-Gul Billigt Online\" width=\"250\" height=\"250\" \/><\/strong><\/span><\/p>\n<table style=\"width: 274px;\" border=\"1\">\n<tbody>\n<tr>\n<td><strong><strong>Artikel id\/nr:<\/strong><\/strong><\/td>\n<td style=\"text-align: left;\">bl-13021y<\/td>\n<\/tr>\n<tr>\n<td><strong>Kategori:<\/strong><\/td>\n<td style=\"text-align: left;\">Styling till lastbilen<\/td>\n<\/tr>\n<tr>\n<td><\/td>\n<td style=\"text-align: left;\">Tuning till lastbilen<\/td>\n<\/tr>\n<tr>\n<td><\/td>\n<td style=\"text-align: left;\">Tillbeh\u00f6r till lastbilen<\/td>\n<\/tr>\n<tr>\n<td><strong><strong>Typ:<\/strong><\/strong><\/td>\n<td style=\"text-align: left;\">Interi\u00f6r<\/td>\n<\/tr>\n<tr>\n<td><\/td>\n<td style=\"text-align: left;\"><\/td>\n<\/tr>\n<tr>\n<td><\/td>\n<td style=\"text-align: left;\"><\/td>\n<\/tr>\n<tr>\n<td><strong>I lager<\/strong><strong>:<\/strong><\/td>\n<td style=\"text-align: left;\">yes<\/td>\n<\/tr>\n<tr>\n<td><strong>Fraktkostnad:<\/strong><\/td>\n<td style=\"text-align: left;\">49 kr<\/td>\n<\/tr>\n<tr>\n<td><strong>Leveranstid:<\/strong><\/td>\n<td style=\"text-align: left;\">49 dagar<\/td>\n<\/tr>\n<tr>\n<td><\/td>\n<td style=\"text-align: left;\"><\/td>\n<\/tr>\n<tr>\n<td><strong><strong>Pris:<\/strong><\/strong><\/td>\n<td style=\"text-align: left;\"><span style=\"color: #0000ff;\"><strong>39 kr\/st<\/strong><\/span><\/td>\n<\/tr>\n<tr>\n<td><\/td>\n<td style=\"text-align: left;\"><\/td>\n<\/tr>\n<tr>\n<td><a href=\"http:\/\/www.blueride.se\/vindrute-dekor-med-fransar-bla-gul-p-2950.html\" target=\"_blank\" rel=\"nofollow\"><img loading=\"lazy\" decoding=\"async\" title=\"K\u00f6p Vindrute-Dekor med Fransar - Bl\u00e5-Gul hos Blueride.se\" src=\"https:\/\/www.reservdelar.nu\/bilstyling\/wp-content\/uploads\/2012\/08\/blueride.png\" alt=\"Blueride.se\" width=\"100\" height=\"42\" \/><\/a><\/td>\n<td style=\"text-align: center;\">\n<h1><a href=\"http:\/\/www.blueride.se\/vindrute-dekor-med-fransar-bla-gul-p-2950.html\" target=\"_blank\" rel=\"nofollow\"><img loading=\"lazy\" decoding=\"async\" title=\"K\u00f6p Vindrute-Dekor med Fransar - Bl\u00e5-Gul nu hos Blueride.se\" src=\"https:\/\/www.reservdelar.nu\/bilstyling\/wp-content\/uploads\/2014\/03\/kop-nu.png\" alt=\"Blueride.se\" width=\"100\" height=\"42\" \/><\/a><\/h1>\n<\/td>\n<\/tr>\n<\/tbody>\n<\/table>\n","protected":false},"excerpt":{"rendered":"<p>39 kr\/st Dekor med fransar\/tofsar f\u00f6r vindrutan p\u00e5 lastbilen. Fransarna passar \u00e4ven utm\u00e4rkt i bilen, husvagnen, husbilen eller i b\u00e5ten. Dekoren \u00e4r 2,5 meter l\u00e5ng och kan tex placeras i framrutan. F\u00e4rg: Bl\u00e5 &#038; Gul Storlek: 2,5 meter x 7,3 cm. L\u00c4S MER Vindrute-Dekor med Fransar &#8211; Bl\u00e5-Gul Artikel id\/nr: bl-13021y Kategori: Styling till lastbilen [&hellip;]<\/p>\n","protected":false},"author":1,"featured_media":46714,"comment_status":"open","ping_status":"open","sticky":false,"template":"","format":"standard","meta":{"footnotes":""},"categories":[5340,5337,5339,5338],"tags":[2756,5451,5582,5584,5583,2766],"class_list":["post-21196","post","type-post","status-publish","format-standard","has-post-thumbnail","hentry","category-interior-styling-till-lastbilen","category-styling-till-lastbilen","category-tillbehor-till-lastbilen","category-tuning-till-lastbilen","tag-bl-13021y","tag-interior","tag-styling-till-lastbilen","tag-tillbehor-till-lastbilen","tag-tuning-till-lastbilen","tag-vindrute-dekor-med-fransar-bla-gul"],"_links":{"self":[{"href":"https:\/\/www.reservdelar.nu\/bilstyling\/wp-json\/wp\/v2\/posts\/21196","targetHints":{"allow":["GET"]}}],"collection":[{"href":"https:\/\/www.reservdelar.nu\/bilstyling\/wp-json\/wp\/v2\/posts"}],"about":[{"href":"https:\/\/www.reservdelar.nu\/bilstyling\/wp-json\/wp\/v2\/types\/post"}],"author":[{"embeddable":true,"href":"https:\/\/www.reservdelar.nu\/bilstyling\/wp-json\/wp\/v2\/users\/1"}],"replies":[{"embeddable":true,"href":"https:\/\/www.reservdelar.nu\/bilstyling\/wp-json\/wp\/v2\/comments?post=21196"}],"version-history":[{"count":0,"href":"https:\/\/www.reservdelar.nu\/bilstyling\/wp-json\/wp\/v2\/posts\/21196\/revisions"}],"wp:featuredmedia":[{"embeddable":true,"href":"https:\/\/www.reservdelar.nu\/bilstyling\/wp-json\/wp\/v2\/media\/46714"}],"wp:attachment":[{"href":"https:\/\/www.reservdelar.nu\/bilstyling\/wp-json\/wp\/v2\/media?parent=21196"}],"wp:term":[{"taxonomy":"category","embeddable":true,"href":"https:\/\/www.reservdelar.nu\/bilstyling\/wp-json\/wp\/v2\/categories?post=21196"},{"taxonomy":"post_tag","embeddable":true,"href":"https:\/\/www.reservdelar.nu\/bilstyling\/wp-json\/wp\/v2\/tags?post=21196"}],"curies":[{"name":"wp","href":"https:\/\/api.w.org\/{rel}","templated":true}]}}