{"id":21070,"date":"2012-10-25T12:18:17","date_gmt":"2012-10-25T10:18:17","guid":{"rendered":"http:\/\/www.reservdelar.nu\/bilstyling\/front-corner-lamp-volvo-740-60-940-60-2\/"},"modified":"2014-04-22T17:23:09","modified_gmt":"2014-04-22T15:23:09","slug":"front-corner-lamp-volvo-740-60-940-60","status":"publish","type":"post","link":"https:\/\/www.reservdelar.nu\/bilstyling\/front-corner-lamp-volvo-740-60-940-60\/","title":{"rendered":"Front Corner Lamp Volvo 740-60, 940-60"},"content":{"rendered":"<table style=\"width: 700px; height: 100px;\" border=\"1\">\n<tbody>\n<tr>\n<td><a href=\"http:\/\/www.blueride.se\/front-corner-lamp-volvo-740-940-p-2059.html\" target=\"_blank\" rel=\"nofollow\"><img loading=\"lazy\" decoding=\"async\" class=\"aligncenter\" title=\"Front Corner Lamp Volvo 740-60, 940-60 \" src=\"http:\/\/www.blueride.se\/images\/10_8624_e_blinkers_volvo_fargad.jpg\" alt=\"K\u00f6p Front Corner Lamp Volvo 740-60, 940-60 Billigt Online\" width=\"100\" height=\"100\" \/><\/a><\/td>\n<td style=\"text-align: center;\">\n<h1><a href=\"http:\/\/www.blueride.se\/front-corner-lamp-volvo-740-940-p-2059.html\" target=\"_blank\" rel=\"nofollow\"><img loading=\"lazy\" decoding=\"async\" title=\"K\u00f6p Front Corner Lamp Volvo 740-60, 940-60 hos Blueride.se\" src=\"https:\/\/www.reservdelar.nu\/bilstyling\/wp-content\/uploads\/2012\/08\/blueride.png\" alt=\"Blueride.se\" width=\"100\" height=\"42\" \/><\/a><\/h1>\n<\/td>\n<td style=\"text-align: center;\">\n<h2><strong>219 <\/strong>kr\/st<\/h2>\n<\/td>\n<td style=\"text-align: center;\"><a href=\"http:\/\/www.blueride.se\/front-corner-lamp-volvo-740-940-p-2059.html\" target=\"_blank\" rel=\"nofollow\"><img loading=\"lazy\" decoding=\"async\" title=\"K\u00f6p Front Corner Lamp Volvo 740-60, 940-60 nu hos Blueride.se\" src=\"https:\/\/www.reservdelar.nu\/bilstyling\/wp-content\/uploads\/2014\/03\/kop-nu.png\" alt=\"Blueride.se\" width=\"100\" height=\"42\" \/><\/a><\/td>\n<\/tr>\n<\/tbody>\n<\/table>\n<p>Blinkers med insats till Volvo med vitt och orange glas.    Blinkersen \u00e4r E-m\u00e4rkt.    Passar f\u00f6ljande bilmodeller:    Volvo 740 1990 Turbo      Volvo 760 1988~1990      Volvo 940 1991~1997        Volvo 960 1991~1994    S\u00e4ljs styckvis <span style=\"color: #0000ff;\"><strong><a title=\"L\u00c4S MER\" href=\"http:\/\/www.blueride.se\/front-corner-lamp-volvo-740-940-p-2059.html\" target=\"_blank\" rel=\"nofollow\"><span style=\"color: #0000ff;\">L\u00c4S MER<\/span><\/a><\/strong><\/span><\/p>\n<p><span style=\"color: #0000ff;\"><strong>Front Corner Lamp Volvo 740-60, 940-60<img loading=\"lazy\" decoding=\"async\" class=\"alignright\" title=\"Front Corner Lamp Volvo 740-60, 940-60 \" src=\"http:\/\/www.blueride.se\/images\/10_8624_e_blinkers_volvo_fargad.jpg\" alt=\"K\u00f6p Front Corner Lamp Volvo 740-60, 940-60 Billigt Online\" width=\"250\" height=\"250\" \/><\/strong><\/span><\/p>\n<table style=\"width: 274px;\" border=\"1\">\n<tbody>\n<tr>\n<td><strong><strong>Artikel id\/nr:<\/strong><\/strong><\/td>\n<td style=\"text-align: left;\">ste-10.8624-E \/ 34430015<\/td>\n<\/tr>\n<tr>\n<td><strong>Kategori:<\/strong><\/td>\n<td style=\"text-align: left;\">Styling till bilen<\/td>\n<\/tr>\n<tr>\n<td><\/td>\n<td style=\"text-align: left;\">Tuning till bilen<\/td>\n<\/tr>\n<tr>\n<td><\/td>\n<td style=\"text-align: left;\">Tillbeh\u00f6r till bilen<\/td>\n<\/tr>\n<tr>\n<td><strong><strong>Typ:<\/strong><\/strong><\/td>\n<td style=\"text-align: left;\">Baklampor, Lyktor &#038; Blinkers<\/td>\n<\/tr>\n<tr>\n<td><\/td>\n<td style=\"text-align: left;\">Volvo<\/td>\n<\/tr>\n<tr>\n<td><\/td>\n<td style=\"text-align: left;\"><\/td>\n<\/tr>\n<tr>\n<td><strong>I lager<\/strong><strong>:<\/strong><\/td>\n<td style=\"text-align: left;\">yes<\/td>\n<\/tr>\n<tr>\n<td><strong>Fraktkostnad:<\/strong><\/td>\n<td style=\"text-align: left;\">49 kr<\/td>\n<\/tr>\n<tr>\n<td><strong>Leveranstid:<\/strong><\/td>\n<td style=\"text-align: left;\">49 dagar<\/td>\n<\/tr>\n<tr>\n<td><\/td>\n<td style=\"text-align: left;\"><\/td>\n<\/tr>\n<tr>\n<td><strong><strong>Pris:<\/strong><\/strong><\/td>\n<td style=\"text-align: left;\"><span style=\"color: #0000ff;\"><strong>219 kr\/st<\/strong><\/span><\/td>\n<\/tr>\n<tr>\n<td><\/td>\n<td style=\"text-align: left;\"><\/td>\n<\/tr>\n<tr>\n<td><a href=\"http:\/\/www.blueride.se\/front-corner-lamp-volvo-740-940-p-2059.html\" target=\"_blank\" rel=\"nofollow\"><img loading=\"lazy\" decoding=\"async\" title=\"K\u00f6p Front Corner Lamp Volvo 740-60, 940-60 hos Blueride.se\" src=\"https:\/\/www.reservdelar.nu\/bilstyling\/wp-content\/uploads\/2012\/08\/blueride.png\" alt=\"Blueride.se\" width=\"100\" height=\"42\" \/><\/a><\/td>\n<td style=\"text-align: center;\">\n<h1><a href=\"http:\/\/www.blueride.se\/front-corner-lamp-volvo-740-940-p-2059.html\" target=\"_blank\" rel=\"nofollow\"><img loading=\"lazy\" decoding=\"async\" title=\"K\u00f6p Front Corner Lamp Volvo 740-60, 940-60 nu hos Blueride.se\" src=\"https:\/\/www.reservdelar.nu\/bilstyling\/wp-content\/uploads\/2014\/03\/kop-nu.png\" alt=\"Blueride.se\" width=\"100\" height=\"42\" \/><\/a><\/h1>\n<\/td>\n<\/tr>\n<\/tbody>\n<\/table>\n","protected":false},"excerpt":{"rendered":"<p>219 kr\/st Blinkers med insats till Volvo med vitt och orange glas. Blinkersen \u00e4r E-m\u00e4rkt. Passar f\u00f6ljande bilmodeller: Volvo 740 1990 Turbo Volvo 760 1988~1990 Volvo 940 1991~1997 Volvo 960 1991~1994 S\u00e4ljs styckvis L\u00c4S MER Front Corner Lamp Volvo 740-60, 940-60 Artikel id\/nr: ste-10.8624-E \/ 34430015 Kategori: Styling till bilen Tuning till bilen Tillbeh\u00f6r till [&hellip;]<\/p>\n","protected":false},"author":1,"featured_media":45028,"comment_status":"open","ping_status":"open","sticky":false,"template":"","format":"standard","meta":{"footnotes":""},"categories":[5351,5352,5323,5325,5324,5353],"tags":[2973,5563,2972,5564,4302,5576,5578,5577,5428],"class_list":["post-21070","post","type-post","status-publish","format-standard","has-post-thumbnail","hentry","category-baklampor-styling-till-bilen","category-lyktor-blinkers-styling-till-bilen-styling-till-bilen","category-styling-till-bilen","category-tillbehor-till-bilen","category-tuning-till-bilen","category-volvo-lyktor-blinkers-styling-till-bilen-styling-till-bilen","tag-940-60","tag-baklampor","tag-front-corner-lamp-volvo-740-60","tag-lyktor-blinkers","tag-ste-10-8624-e-34430015","tag-styling-till-bilen","tag-tillbehor-till-bilen","tag-tuning-till-bilen","tag-volvo"],"_links":{"self":[{"href":"https:\/\/www.reservdelar.nu\/bilstyling\/wp-json\/wp\/v2\/posts\/21070","targetHints":{"allow":["GET"]}}],"collection":[{"href":"https:\/\/www.reservdelar.nu\/bilstyling\/wp-json\/wp\/v2\/posts"}],"about":[{"href":"https:\/\/www.reservdelar.nu\/bilstyling\/wp-json\/wp\/v2\/types\/post"}],"author":[{"embeddable":true,"href":"https:\/\/www.reservdelar.nu\/bilstyling\/wp-json\/wp\/v2\/users\/1"}],"replies":[{"embeddable":true,"href":"https:\/\/www.reservdelar.nu\/bilstyling\/wp-json\/wp\/v2\/comments?post=21070"}],"version-history":[{"count":0,"href":"https:\/\/www.reservdelar.nu\/bilstyling\/wp-json\/wp\/v2\/posts\/21070\/revisions"}],"wp:featuredmedia":[{"embeddable":true,"href":"https:\/\/www.reservdelar.nu\/bilstyling\/wp-json\/wp\/v2\/media\/45028"}],"wp:attachment":[{"href":"https:\/\/www.reservdelar.nu\/bilstyling\/wp-json\/wp\/v2\/media?parent=21070"}],"wp:term":[{"taxonomy":"category","embeddable":true,"href":"https:\/\/www.reservdelar.nu\/bilstyling\/wp-json\/wp\/v2\/categories?post=21070"},{"taxonomy":"post_tag","embeddable":true,"href":"https:\/\/www.reservdelar.nu\/bilstyling\/wp-json\/wp\/v2\/tags?post=21070"}],"curies":[{"name":"wp","href":"https:\/\/api.w.org\/{rel}","templated":true}]}}