{"id":20660,"date":"2013-07-18T17:31:57","date_gmt":"2013-07-18T15:31:57","guid":{"rendered":"http:\/\/www.reservdelar.nu\/bilstyling\/blueride-dekal-jester-2\/"},"modified":"2014-04-22T17:26:51","modified_gmt":"2014-04-22T15:26:51","slug":"blueride-dekal-jester","status":"publish","type":"post","link":"https:\/\/www.reservdelar.nu\/bilstyling\/blueride-dekal-jester\/","title":{"rendered":"BlueRide-dekal Jester"},"content":{"rendered":"<table style=\"width: 700px; height: 100px;\" border=\"1\">\n<tbody>\n<tr>\n<td><a href=\"http:\/\/www.blueride.se\/blueride-dekal-jester-p-992.html\" target=\"_blank\" rel=\"nofollow\"><img loading=\"lazy\" decoding=\"async\" class=\"aligncenter\" title=\"BlueRide-dekal Jester \" src=\"http:\/\/www.blueride.se\/images\/dekal_blueride_jester_sv.gif\" alt=\"K\u00f6p BlueRide-dekal Jester Billigt Online\" width=\"100\" height=\"100\" \/><\/a><\/td>\n<td style=\"text-align: center;\">\n<h1><a href=\"http:\/\/www.blueride.se\/blueride-dekal-jester-p-992.html\" target=\"_blank\" rel=\"nofollow\"><img loading=\"lazy\" decoding=\"async\" title=\"K\u00f6p BlueRide-dekal Jester hos Blueride.se\" src=\"https:\/\/www.reservdelar.nu\/bilstyling\/wp-content\/uploads\/2012\/08\/blueride.png\" alt=\"Blueride.se\" width=\"100\" height=\"42\" \/><\/a><\/h1>\n<\/td>\n<td style=\"text-align: center;\">\n<h2><strong>29 <\/strong>kr\/st<\/h2>\n<\/td>\n<td style=\"text-align: center;\"><a href=\"http:\/\/www.blueride.se\/blueride-dekal-jester-p-992.html\" target=\"_blank\" rel=\"nofollow\"><img loading=\"lazy\" decoding=\"async\" title=\"K\u00f6p BlueRide-dekal Jester nu hos Blueride.se\" src=\"https:\/\/www.reservdelar.nu\/bilstyling\/wp-content\/uploads\/2014\/03\/kop-nu.png\" alt=\"Blueride.se\" width=\"100\" height=\"42\" \/><\/a><\/td>\n<\/tr>\n<\/tbody>\n<\/table>\n<p>En riktigt snygg och cool Blueride-dekal med en d\u00f6dskalle.    Datorskuren dekal i sj\u00e4lvh\u00e4ftande folie. Leverans med appliceringstejp.     Dekalen best\u00e5r endast av det f\u00e4rgade motivet. Detta g\u00f6r att dekalen blir mycket snyggare och ser bra ut d\u00e4r den placeras.    Storlek: ca 20 cm bred.      L\u00e4s monteringsanvisning f\u00f6r att montera denna dekal &raquo; <span style=\"color: #0000ff;\"><strong><a title=\"L\u00c4S MER\" href=\"http:\/\/www.blueride.se\/blueride-dekal-jester-p-992.html\" target=\"_blank\" rel=\"nofollow\"><span style=\"color: #0000ff;\">L\u00c4S MER<\/span><\/a><\/strong><\/span><\/p>\n<p><span style=\"color: #0000ff;\"><strong>BlueRide-dekal Jester<img loading=\"lazy\" decoding=\"async\" class=\"alignright\" title=\"BlueRide-dekal Jester \" src=\"http:\/\/www.blueride.se\/images\/dekal_blueride_jester_sv.gif\" alt=\"K\u00f6p BlueRide-dekal Jester Billigt Online\" width=\"250\" height=\"250\" \/><\/strong><\/span><\/p>\n<table style=\"width: 274px;\" border=\"1\">\n<tbody>\n<tr>\n<td><strong><strong>Artikel id\/nr:<\/strong><\/strong><\/td>\n<td style=\"text-align: left;\">dek-jes-SML<\/td>\n<\/tr>\n<tr>\n<td><strong>Kategori:<\/strong><\/td>\n<td style=\"text-align: left;\">Styling till bilen<\/td>\n<\/tr>\n<tr>\n<td><\/td>\n<td style=\"text-align: left;\">Tuning till bilen<\/td>\n<\/tr>\n<tr>\n<td><\/td>\n<td style=\"text-align: left;\">Tillbeh\u00f6r till bilen<\/td>\n<\/tr>\n<tr>\n<td><strong><strong>Typ:<\/strong><\/strong><\/td>\n<td style=\"text-align: left;\">Dekaler<\/td>\n<\/tr>\n<tr>\n<td><\/td>\n<td style=\"text-align: left;\">Sponsorlogos<\/td>\n<\/tr>\n<tr>\n<td><\/td>\n<td style=\"text-align: left;\"><\/td>\n<\/tr>\n<tr>\n<td><strong>I lager<\/strong><strong>:<\/strong><\/td>\n<td style=\"text-align: left;\">yes<\/td>\n<\/tr>\n<tr>\n<td><strong>Fraktkostnad:<\/strong><\/td>\n<td style=\"text-align: left;\">49 kr<\/td>\n<\/tr>\n<tr>\n<td><strong>Leveranstid:<\/strong><\/td>\n<td style=\"text-align: left;\">49 dagar<\/td>\n<\/tr>\n<tr>\n<td><\/td>\n<td style=\"text-align: left;\"><\/td>\n<\/tr>\n<tr>\n<td><strong><strong>Pris:<\/strong><\/strong><\/td>\n<td style=\"text-align: left;\"><span style=\"color: #0000ff;\"><strong>29 kr\/st<\/strong><\/span><\/td>\n<\/tr>\n<tr>\n<td><\/td>\n<td style=\"text-align: left;\"><\/td>\n<\/tr>\n<tr>\n<td><a href=\"http:\/\/www.blueride.se\/blueride-dekal-jester-p-992.html\" target=\"_blank\" rel=\"nofollow\"><img loading=\"lazy\" decoding=\"async\" title=\"K\u00f6p BlueRide-dekal Jester hos Blueride.se\" src=\"https:\/\/www.reservdelar.nu\/bilstyling\/wp-content\/uploads\/2012\/08\/blueride.png\" alt=\"Blueride.se\" width=\"100\" height=\"42\" \/><\/a><\/td>\n<td style=\"text-align: center;\">\n<h1><a href=\"http:\/\/www.blueride.se\/blueride-dekal-jester-p-992.html\" target=\"_blank\" rel=\"nofollow\"><img loading=\"lazy\" decoding=\"async\" title=\"K\u00f6p BlueRide-dekal Jester nu hos Blueride.se\" src=\"https:\/\/www.reservdelar.nu\/bilstyling\/wp-content\/uploads\/2014\/03\/kop-nu.png\" alt=\"Blueride.se\" width=\"100\" height=\"42\" \/><\/a><\/h1>\n<\/td>\n<\/tr>\n<\/tbody>\n<\/table>\n","protected":false},"excerpt":{"rendered":"<p>29 kr\/st En riktigt snygg och cool Blueride-dekal med en d\u00f6dskalle. Datorskuren dekal i sj\u00e4lvh\u00e4ftande folie. Leverans med appliceringstejp. Dekalen best\u00e5r endast av det f\u00e4rgade motivet. Detta g\u00f6r att dekalen blir mycket snyggare och ser bra ut d\u00e4r den placeras. Storlek: ca 20 cm bred. L\u00e4s monteringsanvisning f\u00f6r att montera denna dekal &raquo; L\u00c4S MER [&hellip;]<\/p>\n","protected":false},"author":1,"featured_media":45352,"comment_status":"open","ping_status":"open","sticky":false,"template":"","format":"standard","meta":{"footnotes":""},"categories":[5344,5387,5323,5325,5324],"tags":[1007,998,5425,5429,5576,5578,5577],"class_list":["post-20660","post","type-post","status-publish","format-standard","has-post-thumbnail","hentry","category-dekaler-styling-till-bilen","category-sponsorlogos-dekaler-styling-till-bilen","category-styling-till-bilen","category-tillbehor-till-bilen","category-tuning-till-bilen","tag-blueride-dekal-jester","tag-dek-jes-sml","tag-bildedekaler","tag-sponsorlogos","tag-styling-till-bilen","tag-tillbehor-till-bilen","tag-tuning-till-bilen"],"_links":{"self":[{"href":"https:\/\/www.reservdelar.nu\/bilstyling\/wp-json\/wp\/v2\/posts\/20660","targetHints":{"allow":["GET"]}}],"collection":[{"href":"https:\/\/www.reservdelar.nu\/bilstyling\/wp-json\/wp\/v2\/posts"}],"about":[{"href":"https:\/\/www.reservdelar.nu\/bilstyling\/wp-json\/wp\/v2\/types\/post"}],"author":[{"embeddable":true,"href":"https:\/\/www.reservdelar.nu\/bilstyling\/wp-json\/wp\/v2\/users\/1"}],"replies":[{"embeddable":true,"href":"https:\/\/www.reservdelar.nu\/bilstyling\/wp-json\/wp\/v2\/comments?post=20660"}],"version-history":[{"count":0,"href":"https:\/\/www.reservdelar.nu\/bilstyling\/wp-json\/wp\/v2\/posts\/20660\/revisions"}],"wp:featuredmedia":[{"embeddable":true,"href":"https:\/\/www.reservdelar.nu\/bilstyling\/wp-json\/wp\/v2\/media\/45352"}],"wp:attachment":[{"href":"https:\/\/www.reservdelar.nu\/bilstyling\/wp-json\/wp\/v2\/media?parent=20660"}],"wp:term":[{"taxonomy":"category","embeddable":true,"href":"https:\/\/www.reservdelar.nu\/bilstyling\/wp-json\/wp\/v2\/categories?post=20660"},{"taxonomy":"post_tag","embeddable":true,"href":"https:\/\/www.reservdelar.nu\/bilstyling\/wp-json\/wp\/v2\/tags?post=20660"}],"curies":[{"name":"wp","href":"https:\/\/api.w.org\/{rel}","templated":true}]}}