{"id":20384,"date":"2012-08-09T03:49:34","date_gmt":"2012-08-09T01:49:34","guid":{"rendered":"http:\/\/www.reservdelar.nu\/bilstyling\/bakljus-semivita-volvo-745-765-945-2\/"},"modified":"2014-04-22T17:33:05","modified_gmt":"2014-04-22T15:33:05","slug":"bakljus-semivita-volvo-745-765-945","status":"publish","type":"post","link":"https:\/\/www.reservdelar.nu\/bilstyling\/bakljus-semivita-volvo-745-765-945\/","title":{"rendered":"Bakljus Semivita Volvo 745, 765 &#038; 945"},"content":{"rendered":"<table style=\"width: 700px; height: 100px;\" border=\"1\">\n<tbody>\n<tr>\n<td><a href=\"http:\/\/www.blueride.se\/bakljus-semivita-volvo-745-765-945-p-1344.html\" target=\"_blank\" rel=\"nofollow\"><img loading=\"lazy\" decoding=\"async\" class=\"aligncenter\" title=\"Bakljus Semivita Volvo 745, 765 &#038; 945 \" src=\"http:\/\/www.blueride.se\/images\/35430061_volvo.jpg\" alt=\"K\u00f6p Bakljus Semivita Volvo 745, 765 &#038; 945 Billigt Online\" width=\"100\" height=\"100\" \/><\/a><\/td>\n<td style=\"text-align: center;\">\n<h1><a href=\"http:\/\/www.blueride.se\/bakljus-semivita-volvo-745-765-945-p-1344.html\" target=\"_blank\" rel=\"nofollow\"><img loading=\"lazy\" decoding=\"async\" title=\"K\u00f6p Bakljus Semivita Volvo 745, 765 &#038; 945 hos Blueride.se\" src=\"https:\/\/www.reservdelar.nu\/bilstyling\/wp-content\/uploads\/2012\/08\/blueride.png\" alt=\"Blueride.se\" width=\"100\" height=\"42\" \/><\/a><\/h1>\n<\/td>\n<td style=\"text-align: center;\">\n<h2><strong>490 <\/strong>kr\/st<\/h2>\n<\/td>\n<td style=\"text-align: center;\"><a href=\"http:\/\/www.blueride.se\/bakljus-semivita-volvo-745-765-945-p-1344.html\" target=\"_blank\" rel=\"nofollow\"><img loading=\"lazy\" decoding=\"async\" title=\"K\u00f6p Bakljus Semivita Volvo 745, 765 &#038; 945 nu hos Blueride.se\" src=\"https:\/\/www.reservdelar.nu\/bilstyling\/wp-content\/uploads\/2014\/03\/kop-nu.png\" alt=\"Blueride.se\" width=\"100\" height=\"42\" \/><\/a><\/td>\n<\/tr>\n<\/tbody>\n<\/table>\n<p>Komplett bakljus till Volvo 745, 765 och 945 1985- med vitt och r\u00f6tt glas.    S\u00e4ljs styckvis.      Passar f\u00f6ljande bilmodeller:    Volvo  745  1985~      Volvo  745  1985~      Volvo  765  1985~     Volvo  765  1985~      Volvo  945  1985~ <span style=\"color: #0000ff;\"><strong><a title=\"L\u00c4S MER\" href=\"http:\/\/www.blueride.se\/bakljus-semivita-volvo-745-765-945-p-1344.html\" target=\"_blank\" rel=\"nofollow\"><span style=\"color: #0000ff;\">L\u00c4S MER<\/span><\/a><\/strong><\/span><\/p>\n<p><span style=\"color: #0000ff;\"><strong>Bakljus Semivita Volvo 745, 765 &#038; 945<img loading=\"lazy\" decoding=\"async\" class=\"alignright\" title=\"Bakljus Semivita Volvo 745, 765 &#038; 945 \" src=\"http:\/\/www.blueride.se\/images\/35430061_volvo.jpg\" alt=\"K\u00f6p Bakljus Semivita Volvo 745, 765 &#038; 945 Billigt Online\" width=\"250\" height=\"250\" \/><\/strong><\/span><\/p>\n<table style=\"width: 274px;\" border=\"1\">\n<tbody>\n<tr>\n<td><strong><strong>Artikel id\/nr:<\/strong><\/strong><\/td>\n<td style=\"text-align: left;\">ste-10.8908-W\/35430061<\/td>\n<\/tr>\n<tr>\n<td><strong>Kategori:<\/strong><\/td>\n<td style=\"text-align: left;\">Styling till bilen<\/td>\n<\/tr>\n<tr>\n<td><\/td>\n<td style=\"text-align: left;\">Tuning till bilen<\/td>\n<\/tr>\n<tr>\n<td><\/td>\n<td style=\"text-align: left;\">Tillbeh\u00f6r till bilen<\/td>\n<\/tr>\n<tr>\n<td><strong><strong>Typ:<\/strong><\/strong><\/td>\n<td style=\"text-align: left;\">Baklampor, Lyktor &#038; Blinkers<\/td>\n<\/tr>\n<tr>\n<td><\/td>\n<td style=\"text-align: left;\">Volvo<\/td>\n<\/tr>\n<tr>\n<td><\/td>\n<td style=\"text-align: left;\"><\/td>\n<\/tr>\n<tr>\n<td><strong>I lager<\/strong><strong>:<\/strong><\/td>\n<td style=\"text-align: left;\">yes<\/td>\n<\/tr>\n<tr>\n<td><strong>Fraktkostnad:<\/strong><\/td>\n<td style=\"text-align: left;\">49 kr<\/td>\n<\/tr>\n<tr>\n<td><strong>Leveranstid:<\/strong><\/td>\n<td style=\"text-align: left;\">49 dagar<\/td>\n<\/tr>\n<tr>\n<td><\/td>\n<td style=\"text-align: left;\"><\/td>\n<\/tr>\n<tr>\n<td><strong><strong>Pris:<\/strong><\/strong><\/td>\n<td style=\"text-align: left;\"><span style=\"color: #0000ff;\"><strong>490 kr\/st<\/strong><\/span><\/td>\n<\/tr>\n<tr>\n<td><\/td>\n<td style=\"text-align: left;\"><\/td>\n<\/tr>\n<tr>\n<td><a href=\"http:\/\/www.blueride.se\/bakljus-semivita-volvo-745-765-945-p-1344.html\" target=\"_blank\" rel=\"nofollow\"><img loading=\"lazy\" decoding=\"async\" title=\"K\u00f6p Bakljus Semivita Volvo 745, 765 &#038; 945 hos Blueride.se\" src=\"https:\/\/www.reservdelar.nu\/bilstyling\/wp-content\/uploads\/2012\/08\/blueride.png\" alt=\"Blueride.se\" width=\"100\" height=\"42\" \/><\/a><\/td>\n<td style=\"text-align: center;\">\n<h1><a href=\"http:\/\/www.blueride.se\/bakljus-semivita-volvo-745-765-945-p-1344.html\" target=\"_blank\" rel=\"nofollow\"><img loading=\"lazy\" decoding=\"async\" title=\"K\u00f6p Bakljus Semivita Volvo 745, 765 &#038; 945 nu hos Blueride.se\" src=\"https:\/\/www.reservdelar.nu\/bilstyling\/wp-content\/uploads\/2014\/03\/kop-nu.png\" alt=\"Blueride.se\" width=\"100\" height=\"42\" \/><\/a><\/h1>\n<\/td>\n<\/tr>\n<\/tbody>\n<\/table>\n","protected":false},"excerpt":{"rendered":"<p>490 kr\/st Komplett bakljus till Volvo 745, 765 och 945 1985- med vitt och r\u00f6tt glas. S\u00e4ljs styckvis. Passar f\u00f6ljande bilmodeller: Volvo 745 1985~ Volvo 745 1985~ Volvo 765 1985~ Volvo 765 1985~ Volvo 945 1985~ L\u00c4S MER Bakljus Semivita Volvo 745, 765 &#038; 945 Artikel id\/nr: ste-10.8908-W\/35430061 Kategori: Styling till bilen Tuning till bilen [&hellip;]<\/p>\n","protected":false},"author":1,"featured_media":45960,"comment_status":"open","ping_status":"open","sticky":false,"template":"","format":"standard","meta":{"footnotes":""},"categories":[5351,5352,5323,5325,5324,5353],"tags":[833,5563,832,5564,4186,5576,5578,5577,5428],"class_list":["post-20384","post","type-post","status-publish","format-standard","has-post-thumbnail","hentry","category-baklampor-styling-till-bilen","category-lyktor-blinkers-styling-till-bilen-styling-till-bilen","category-styling-till-bilen","category-tillbehor-till-bilen","category-tuning-till-bilen","category-volvo-lyktor-blinkers-styling-till-bilen-styling-till-bilen","tag-765-945","tag-baklampor","tag-bakljus-semivita-volvo-745","tag-lyktor-blinkers","tag-ste-10-8908-w35430061","tag-styling-till-bilen","tag-tillbehor-till-bilen","tag-tuning-till-bilen","tag-volvo"],"_links":{"self":[{"href":"https:\/\/www.reservdelar.nu\/bilstyling\/wp-json\/wp\/v2\/posts\/20384","targetHints":{"allow":["GET"]}}],"collection":[{"href":"https:\/\/www.reservdelar.nu\/bilstyling\/wp-json\/wp\/v2\/posts"}],"about":[{"href":"https:\/\/www.reservdelar.nu\/bilstyling\/wp-json\/wp\/v2\/types\/post"}],"author":[{"embeddable":true,"href":"https:\/\/www.reservdelar.nu\/bilstyling\/wp-json\/wp\/v2\/users\/1"}],"replies":[{"embeddable":true,"href":"https:\/\/www.reservdelar.nu\/bilstyling\/wp-json\/wp\/v2\/comments?post=20384"}],"version-history":[{"count":0,"href":"https:\/\/www.reservdelar.nu\/bilstyling\/wp-json\/wp\/v2\/posts\/20384\/revisions"}],"wp:featuredmedia":[{"embeddable":true,"href":"https:\/\/www.reservdelar.nu\/bilstyling\/wp-json\/wp\/v2\/media\/45960"}],"wp:attachment":[{"href":"https:\/\/www.reservdelar.nu\/bilstyling\/wp-json\/wp\/v2\/media?parent=20384"}],"wp:term":[{"taxonomy":"category","embeddable":true,"href":"https:\/\/www.reservdelar.nu\/bilstyling\/wp-json\/wp\/v2\/categories?post=20384"},{"taxonomy":"post_tag","embeddable":true,"href":"https:\/\/www.reservdelar.nu\/bilstyling\/wp-json\/wp\/v2\/tags?post=20384"}],"curies":[{"name":"wp","href":"https:\/\/api.w.org\/{rel}","templated":true}]}}