{"id":20380,"date":"2013-02-03T12:37:19","date_gmt":"2013-02-03T11:37:19","guid":{"rendered":"http:\/\/www.reservdelar.nu\/bilstyling\/framstralkastare-led-svart-volvo-850-94-97-2\/"},"modified":"2014-04-22T17:33:03","modified_gmt":"2014-04-22T15:33:03","slug":"framstralkastare-led-svart-volvo-850-94-97","status":"publish","type":"post","link":"https:\/\/www.reservdelar.nu\/bilstyling\/framstralkastare-led-svart-volvo-850-94-97\/","title":{"rendered":"Framstr\u00e5lkastare LED Svart Volvo 850 94-97"},"content":{"rendered":"<table style=\"width: 700px; height: 100px;\" border=\"1\">\n<tbody>\n<tr>\n<td><a href=\"http:\/\/www.blueride.se\/framstralkastare-led-svart-volvo-850-p-1346.html\" target=\"_blank\" rel=\"nofollow\"><img loading=\"lazy\" decoding=\"async\" class=\"aligncenter\" title=\"Framstr\u00e5lkastare LED Svart Volvo 850 94-97 \" src=\"http:\/\/www.blueride.se\/images\/35430010_volvo.jpg\" alt=\"K\u00f6p Framstr\u00e5lkastare LED Svart Volvo 850 94-97 Billigt Online\" width=\"100\" height=\"100\" \/><\/a><\/td>\n<td style=\"text-align: center;\">\n<h1><a href=\"http:\/\/www.blueride.se\/framstralkastare-led-svart-volvo-850-p-1346.html\" target=\"_blank\" rel=\"nofollow\"><img loading=\"lazy\" decoding=\"async\" title=\"K\u00f6p Framstr\u00e5lkastare LED Svart Volvo 850 94-97 hos Blueride.se\" src=\"https:\/\/www.reservdelar.nu\/bilstyling\/wp-content\/uploads\/2012\/08\/blueride.png\" alt=\"Blueride.se\" width=\"100\" height=\"42\" \/><\/a><\/h1>\n<\/td>\n<td style=\"text-align: center;\">\n<h2><strong>3495 <\/strong>kr\/st<\/h2>\n<\/td>\n<td style=\"text-align: center;\"><a href=\"http:\/\/www.blueride.se\/framstralkastare-led-svart-volvo-850-p-1346.html\" target=\"_blank\" rel=\"nofollow\"><img loading=\"lazy\" decoding=\"async\" title=\"K\u00f6p Framstr\u00e5lkastare LED Svart Volvo 850 94-97 nu hos Blueride.se\" src=\"https:\/\/www.reservdelar.nu\/bilstyling\/wp-content\/uploads\/2014\/03\/kop-nu.png\" alt=\"Blueride.se\" width=\"100\" height=\"42\" \/><\/a><\/td>\n<\/tr>\n<\/tbody>\n<\/table>\n<p>Framstr\u00e5lkastare som har LED-dioder i lyktan till Volvo 850 1994-1997.    S\u00e4ljs parvis. <span style=\"color: #0000ff;\"><strong><a title=\"L\u00c4S MER\" href=\"http:\/\/www.blueride.se\/framstralkastare-led-svart-volvo-850-p-1346.html\" target=\"_blank\" rel=\"nofollow\"><span style=\"color: #0000ff;\">L\u00c4S MER<\/span><\/a><\/strong><\/span><\/p>\n<p><span style=\"color: #0000ff;\"><strong>Framstr\u00e5lkastare LED Svart Volvo 850 94-97<img loading=\"lazy\" decoding=\"async\" class=\"alignright\" title=\"Framstr\u00e5lkastare LED Svart Volvo 850 94-97 \" src=\"http:\/\/www.blueride.se\/images\/35430010_volvo.jpg\" alt=\"K\u00f6p Framstr\u00e5lkastare LED Svart Volvo 850 94-97 Billigt Online\" width=\"250\" height=\"250\" \/><\/strong><\/span><\/p>\n<table style=\"width: 274px;\" border=\"1\">\n<tbody>\n<tr>\n<td><strong><strong>Artikel id\/nr:<\/strong><\/strong><\/td>\n<td style=\"text-align: left;\">pp-3543 0010<\/td>\n<\/tr>\n<tr>\n<td><strong>Kategori:<\/strong><\/td>\n<td style=\"text-align: left;\">Styling till bilen<\/td>\n<\/tr>\n<tr>\n<td><\/td>\n<td style=\"text-align: left;\">Tuning till bilen<\/td>\n<\/tr>\n<tr>\n<td><\/td>\n<td style=\"text-align: left;\">Tillbeh\u00f6r till bilen<\/td>\n<\/tr>\n<tr>\n<td><strong><strong>Typ:<\/strong><\/strong><\/td>\n<td style=\"text-align: left;\">Baklampor, Lyktor &#038; Blinkers<\/td>\n<\/tr>\n<tr>\n<td><\/td>\n<td style=\"text-align: left;\">Volvo<\/td>\n<\/tr>\n<tr>\n<td><\/td>\n<td style=\"text-align: left;\"><\/td>\n<\/tr>\n<tr>\n<td><strong>I lager<\/strong><strong>:<\/strong><\/td>\n<td style=\"text-align: left;\">yes<\/td>\n<\/tr>\n<tr>\n<td><strong>Fraktkostnad:<\/strong><\/td>\n<td style=\"text-align: left;\"> kr<\/td>\n<\/tr>\n<tr>\n<td><strong>Leveranstid:<\/strong><\/td>\n<td style=\"text-align: left;\"> dagar<\/td>\n<\/tr>\n<tr>\n<td><\/td>\n<td style=\"text-align: left;\"><\/td>\n<\/tr>\n<tr>\n<td><strong><strong>Pris:<\/strong><\/strong><\/td>\n<td style=\"text-align: left;\"><span style=\"color: #0000ff;\"><strong>3495 kr\/st<\/strong><\/span><\/td>\n<\/tr>\n<tr>\n<td><\/td>\n<td style=\"text-align: left;\"><\/td>\n<\/tr>\n<tr>\n<td><a href=\"http:\/\/www.blueride.se\/framstralkastare-led-svart-volvo-850-p-1346.html\" target=\"_blank\" rel=\"nofollow\"><img loading=\"lazy\" decoding=\"async\" title=\"K\u00f6p Framstr\u00e5lkastare LED Svart Volvo 850 94-97 hos Blueride.se\" src=\"https:\/\/www.reservdelar.nu\/bilstyling\/wp-content\/uploads\/2012\/08\/blueride.png\" alt=\"Blueride.se\" width=\"100\" height=\"42\" \/><\/a><\/td>\n<td style=\"text-align: center;\">\n<h1><a href=\"http:\/\/www.blueride.se\/framstralkastare-led-svart-volvo-850-p-1346.html\" target=\"_blank\" rel=\"nofollow\"><img loading=\"lazy\" decoding=\"async\" title=\"K\u00f6p Framstr\u00e5lkastare LED Svart Volvo 850 94-97 nu hos Blueride.se\" src=\"https:\/\/www.reservdelar.nu\/bilstyling\/wp-content\/uploads\/2014\/03\/kop-nu.png\" alt=\"Blueride.se\" width=\"100\" height=\"42\" \/><\/a><\/h1>\n<\/td>\n<\/tr>\n<\/tbody>\n<\/table>\n","protected":false},"excerpt":{"rendered":"<p>3495 kr\/st Framstr\u00e5lkastare som har LED-dioder i lyktan till Volvo 850 1994-1997. S\u00e4ljs parvis. L\u00c4S MER Framstr\u00e5lkastare LED Svart Volvo 850 94-97 Artikel id\/nr: pp-3543 0010 Kategori: Styling till bilen Tuning till bilen Tillbeh\u00f6r till bilen Typ: Baklampor, Lyktor &#038; Blinkers Volvo I lager: yes Fraktkostnad: kr Leveranstid: dagar Pris: 3495 kr\/st<\/p>\n","protected":false},"author":1,"featured_media":45956,"comment_status":"open","ping_status":"open","sticky":false,"template":"","format":"standard","meta":{"footnotes":""},"categories":[5351,5352,5323,5325,5324,5353],"tags":[5563,717,5564,4184,5576,5578,5577,5428],"class_list":["post-20380","post","type-post","status-publish","format-standard","has-post-thumbnail","hentry","category-baklampor-styling-till-bilen","category-lyktor-blinkers-styling-till-bilen-styling-till-bilen","category-styling-till-bilen","category-tillbehor-till-bilen","category-tuning-till-bilen","category-volvo-lyktor-blinkers-styling-till-bilen-styling-till-bilen","tag-baklampor","tag-framstralkastare-led-svart-volvo-850-94-97","tag-lyktor-blinkers","tag-pp-3543-0010","tag-styling-till-bilen","tag-tillbehor-till-bilen","tag-tuning-till-bilen","tag-volvo"],"_links":{"self":[{"href":"https:\/\/www.reservdelar.nu\/bilstyling\/wp-json\/wp\/v2\/posts\/20380","targetHints":{"allow":["GET"]}}],"collection":[{"href":"https:\/\/www.reservdelar.nu\/bilstyling\/wp-json\/wp\/v2\/posts"}],"about":[{"href":"https:\/\/www.reservdelar.nu\/bilstyling\/wp-json\/wp\/v2\/types\/post"}],"author":[{"embeddable":true,"href":"https:\/\/www.reservdelar.nu\/bilstyling\/wp-json\/wp\/v2\/users\/1"}],"replies":[{"embeddable":true,"href":"https:\/\/www.reservdelar.nu\/bilstyling\/wp-json\/wp\/v2\/comments?post=20380"}],"version-history":[{"count":0,"href":"https:\/\/www.reservdelar.nu\/bilstyling\/wp-json\/wp\/v2\/posts\/20380\/revisions"}],"wp:featuredmedia":[{"embeddable":true,"href":"https:\/\/www.reservdelar.nu\/bilstyling\/wp-json\/wp\/v2\/media\/45956"}],"wp:attachment":[{"href":"https:\/\/www.reservdelar.nu\/bilstyling\/wp-json\/wp\/v2\/media?parent=20380"}],"wp:term":[{"taxonomy":"category","embeddable":true,"href":"https:\/\/www.reservdelar.nu\/bilstyling\/wp-json\/wp\/v2\/categories?post=20380"},{"taxonomy":"post_tag","embeddable":true,"href":"https:\/\/www.reservdelar.nu\/bilstyling\/wp-json\/wp\/v2\/tags?post=20380"}],"curies":[{"name":"wp","href":"https:\/\/api.w.org\/{rel}","templated":true}]}}