{"id":20076,"date":"2012-06-30T04:31:58","date_gmt":"2012-06-30T02:31:58","guid":{"rendered":"http:\/\/www.reservdelar.nu\/bilstyling\/lagenergilampa-8w-grundig-2\/"},"modified":"2014-04-22T13:05:55","modified_gmt":"2014-04-22T11:05:55","slug":"lagenergilampa-8w-grundig","status":"publish","type":"post","link":"https:\/\/www.reservdelar.nu\/bilstyling\/lagenergilampa-8w-grundig\/","title":{"rendered":"L\u00e5genergilampa 8W &#8211; Grundig"},"content":{"rendered":"<table style=\"width: 700px; height: 100px;\" border=\"1\">\n<tbody>\n<tr>\n<td><a href=\"http:\/\/www.blueride.se\/lagenergilampa-grundig-p-2296.html\" target=\"_blank\" rel=\"nofollow\"><img loading=\"lazy\" decoding=\"async\" class=\"aligncenter\" title=\"L\u00e5genergilampa 8W - Grundig Till Hemmet - Gl\u00f6dlampor -\" src=\"http:\/\/www.blueride.se\/images\/gr_energilampa_9413.jpg\" alt=\"K\u00f6p L\u00e5genergilampa 8W - Grundig Billigt Online\" width=\"100\" height=\"100\" \/><\/a><\/td>\n<td style=\"text-align: center;\">\n<h1><a href=\"http:\/\/www.blueride.se\/lagenergilampa-grundig-p-2296.html\" target=\"_blank\" rel=\"nofollow\"><img loading=\"lazy\" decoding=\"async\" title=\"K\u00f6p L\u00e5genergilampa 8W - Grundig hos Gummihuset.se\" src=\"https:\/\/www.reservdelar.nu\/bilstyling\/wp-content\/uploads\/2012\/08\/blueride.png\" alt=\"Gummihuset.se\" width=\"100\" height=\"42\" \/><\/a><\/h1>\n<\/td>\n<td style=\"text-align: center;\">\n<h2><strong>69 <\/strong>kr\/st<\/h2>\n<\/td>\n<td style=\"text-align: center;\"><a href=\"http:\/\/www.blueride.se\/lagenergilampa-grundig-p-2296.html\" target=\"_blank\" rel=\"nofollow\"><img loading=\"lazy\" decoding=\"async\" title=\"K\u00f6p L\u00e5genergilampa 8W - Grundig nu hos Blueride.se\" src=\"https:\/\/www.reservdelar.nu\/bilstyling\/wp-content\/uploads\/2014\/03\/kop-nu.png\" alt=\"Gummihuset.se\" width=\"100\" height=\"42\" \/><\/a><\/td>\n<\/tr>\n<\/tbody>\n<\/table>\n<p>L\u00e5genergilampa f\u00f6r hemmet p\u00e5 8 watt fr\u00e5n Grundig.    Denna gl\u00f6dlampa p\u00e5 8 watt motsvarar 40 watt p\u00e5 en vanlig gl\u00f6dlampa, vilket resulterar i ett starkt ljus till en mycket l\u00e4gre elkostnad. Den f\u00f6rbrukar \u00f6ver 5 g\u00e5nger s\u00e5 lite energi mot en vanlig gl\u00f6dlampa p\u00e5 40 watt.    Gl\u00f6dlampan har en livsl\u00e4ngd p\u00e5 8000 timmar, vilket motsvarar ca 8 \u00e5r vid normal andv\u00e4ndning.    Ej optimal f\u00f6r belysning med dimmer.      Varmvit    Passform: E27    Total l\u00e4ngd: 11,7 cm    Lumen: 400    mA: 60    Hz: 50    Temperatur (k): 2700    220V-240V <span style=\"color: #0000ff;\"><strong><a title=\"L\u00c4S MER\" href=\"http:\/\/www.blueride.se\/lagenergilampa-grundig-p-2296.html\" target=\"_blank\" rel=\"nofollow\"><span style=\"color: #0000ff;\">L\u00c4S MER<\/span><\/a><\/strong><\/span><\/p>\n<p><span style=\"color: #0000ff;\"><strong>L\u00e5genergilampa 8W &#8211; Grundig Till Hemmet &#8211; Gl\u00f6dlampor &#8211; Fakta<img loading=\"lazy\" decoding=\"async\" class=\"alignright\" title=\"L\u00e5genergilampa 8W - Grundig Till Hemmet - Gl\u00f6dlampor -\" src=\"http:\/\/www.blueride.se\/images\/gr_energilampa_9413.jpg\" alt=\"K\u00f6p L\u00e5genergilampa 8W - Grundig Billigt Online\" width=\"250\" height=\"250\" \/><\/strong><\/span><\/p>\n<table style=\"width: 274px;\" border=\"1\">\n<tbody>\n<tr>\n<td><strong>Artikel id\/nr:<\/strong><\/td>\n<td style=\"text-align: left;\">(<span style=\"color: #888888;\"><strong>gr-9413<\/strong><\/span>)<\/td>\n<\/tr>\n<tr>\n<td><strong>Typ:<\/strong><\/td>\n<td style=\"text-align: left;\">Till Hemmet &#8211; Gl\u00f6dlampor &#8211;<\/td>\n<\/tr>\n<tr>\n<td colspan=\"2\"><\/td>\n<\/tr>\n<tr>\n<td><strong>I lager<\/strong><strong>:<\/strong><\/td>\n<td style=\"text-align: left;\">yes<\/td>\n<\/tr>\n<tr>\n<td><strong>Fraktkostnad:<\/strong><\/td>\n<td style=\"text-align: left;\">49 kr<\/td>\n<\/tr>\n<tr>\n<td colspan=\"2\"><\/td>\n<\/tr>\n<tr>\n<td><strong>Leveranstid:<\/strong><\/td>\n<td style=\"text-align: left;\">49 dagar<\/td>\n<\/tr>\n<tr>\n<td><strong><strong>Pris:<\/strong><\/strong><\/td>\n<td style=\"text-align: left;\"><span style=\"color: #0000ff;\"><strong>69 kr\/st<\/strong><\/span><\/td>\n<\/tr>\n<tr>\n<td colspan=\"2\"><\/td>\n<\/tr>\n<tr>\n<td><a href=\"http:\/\/www.blueride.se\/lagenergilampa-grundig-p-2296.html\" target=\"_blank\" rel=\"nofollow\"><img loading=\"lazy\" decoding=\"async\" title=\"K\u00f6p L\u00e5genergilampa 8W - Grundig hos Gummihuset.se\" src=\"https:\/\/www.reservdelar.nu\/bilstyling\/wp-content\/uploads\/2012\/08\/blueride.png\" alt=\"Gummihuset.se\" width=\"100\" height=\"42\" \/><\/a><\/td>\n<td style=\"text-align: center;\">\n<h1><a href=\"http:\/\/www.blueride.se\/lagenergilampa-grundig-p-2296.html\" target=\"_blank\" rel=\"nofollow\"><img loading=\"lazy\" decoding=\"async\" title=\"K\u00f6p L\u00e5genergilampa 8W - Grundig nu hos Blueride.se\" src=\"https:\/\/www.reservdelar.nu\/bilstyling\/wp-content\/uploads\/2014\/03\/kop-nu.png\" alt=\"Gummihuset.se\" width=\"100\" height=\"42\" \/><\/a><\/h1>\n<\/td>\n<\/tr>\n<\/tbody>\n<\/table>\n","protected":false},"excerpt":{"rendered":"<p>69 kr\/st L\u00e5genergilampa f\u00f6r hemmet p\u00e5 8 watt fr\u00e5n Grundig. Denna gl\u00f6dlampa p\u00e5 8 watt motsvarar 40 watt p\u00e5 en vanlig gl\u00f6dlampa, vilket resulterar i ett starkt ljus till en mycket l\u00e4gre elkostnad. Den f\u00f6rbrukar \u00f6ver 5 g\u00e5nger s\u00e5 lite energi mot en vanlig gl\u00f6dlampa p\u00e5 40 watt. Gl\u00f6dlampan har en livsl\u00e4ngd p\u00e5 8000 timmar, [&hellip;]<\/p>\n","protected":false},"author":1,"featured_media":35430,"comment_status":"open","ping_status":"open","sticky":false,"template":"","format":"standard","meta":{"footnotes":""},"categories":[],"tags":[2485,2494,5495],"class_list":["post-20076","post","type-post","status-publish","format-standard","has-post-thumbnail","hentry","tag-gr-9413","tag-lagenergilampa-8w-grundig","tag-till-hemmet-glodlampor"],"_links":{"self":[{"href":"https:\/\/www.reservdelar.nu\/bilstyling\/wp-json\/wp\/v2\/posts\/20076","targetHints":{"allow":["GET"]}}],"collection":[{"href":"https:\/\/www.reservdelar.nu\/bilstyling\/wp-json\/wp\/v2\/posts"}],"about":[{"href":"https:\/\/www.reservdelar.nu\/bilstyling\/wp-json\/wp\/v2\/types\/post"}],"author":[{"embeddable":true,"href":"https:\/\/www.reservdelar.nu\/bilstyling\/wp-json\/wp\/v2\/users\/1"}],"replies":[{"embeddable":true,"href":"https:\/\/www.reservdelar.nu\/bilstyling\/wp-json\/wp\/v2\/comments?post=20076"}],"version-history":[{"count":0,"href":"https:\/\/www.reservdelar.nu\/bilstyling\/wp-json\/wp\/v2\/posts\/20076\/revisions"}],"wp:featuredmedia":[{"embeddable":true,"href":"https:\/\/www.reservdelar.nu\/bilstyling\/wp-json\/wp\/v2\/media\/35430"}],"wp:attachment":[{"href":"https:\/\/www.reservdelar.nu\/bilstyling\/wp-json\/wp\/v2\/media?parent=20076"}],"wp:term":[{"taxonomy":"category","embeddable":true,"href":"https:\/\/www.reservdelar.nu\/bilstyling\/wp-json\/wp\/v2\/categories?post=20076"},{"taxonomy":"post_tag","embeddable":true,"href":"https:\/\/www.reservdelar.nu\/bilstyling\/wp-json\/wp\/v2\/tags?post=20076"}],"curies":[{"name":"wp","href":"https:\/\/api.w.org\/{rel}","templated":true}]}}